{"id":479003,"date":"2025-10-21T08:14:41","date_gmt":"2025-10-21T08:14:41","guid":{"rendered":"https:\/\/www.europesays.com\/fr\/479003\/"},"modified":"2025-10-21T08:14:41","modified_gmt":"2025-10-21T08:14:41","slug":"on-nous-dit-merci-a-rennes-une-maison-de-lapres-cancer-aide-les-anciens-malades-a-retrouver-une-vie-normale","status":"publish","type":"post","link":"https:\/\/www.europesays.com\/fr\/479003\/","title":{"rendered":"\u00ab\u00a0On nous dit merci\u00a0\u00bb : \u00e0 Rennes, une maison de l\u2019apr\u00e8s-cancer aide les anciens malades \u00e0 retrouver une vie normale"},"content":{"rendered":"<p><img decoding=\"async\" class=\"\" style=\"width:100%;max-width:100%\" src=\"https:\/\/www.europesays.com\/fr\/wp-content\/uploads\/2025\/10\/Reportage_1_maison_jaia_goudi_studio_haute_resolution160425_35__1_1760951060468-format16by9.jpg\" alt=\"Une cinquantaine de patients sont d\u00e9j\u00e0 pass\u00e9s dans cette maison de l'apr\u00e8s-cancer. \"\/><\/p>\n<p>Une cinquantaine de patients sont d\u00e9j\u00e0 pass\u00e9s dans cette maison de l&rsquo;apr\u00e8s-cancer. <\/p>\n<p>Cr\u00e9dit : Goudi Studio<\/p>\n<p style=\"text-align: justify;\">En ce mois d\u2019octobre rose, le cancer du sein est la grande cause nationale.<strong> <\/strong><a href=\"https:\/\/www.alouette.fr\/cancer-sein-rennes-nouveau-programme-prevention\" target=\"_blank\" rel=\"noopener\">Plus de 60 000 femmes contractent ce cancer chaque ann\u00e9e en France<\/a>.<\/p>\n<p style=\"text-align: justify;\"><strong>Un parcours de la combattante pendant la maladie, mais aussi apr\u00e8s<\/strong>, quand la vie de tous les jours revient et que le cancer est finalement bien loin. <strong>Un sentiment de grand vide peut alors survenir chez certaines personnes. <\/strong>C\u2019\u00e9tait le cas de Florence L\u00e9v\u00eaque, cr\u00e9atrice de cette maison unique en France, une fois son cancer du sein battu. <\/p>\n<blockquote>\n<p style=\"text-align: justify;\">\u00ab\u00a0<strong>J\u2019aurai ador\u00e9 avoir ce type d\u2019endroit \u00e0 mon \u00e9poque,<\/strong> car ici, on fait la transition entre l&rsquo;h\u00f4pital et le retour dans la vie ou dans les vies. <strong>C\u2019est aussi un tremplin pour repartir, que ce soit vers une nouvelle activit\u00e9, ou vers un retour dans la vie intime. <\/strong>Et tous ces champs-l\u00e0 sont importants \u00e0 travailler parce que, \u00e9videmment<strong>, tous ont \u00e9t\u00e9 fortement impact\u00e9s par la maladie<\/strong>.\u00a0\u00bb<\/p>\n<\/blockquote>\n<p>\u00a0<\/p>\n<p>Une maison accessible \u00e0 tous<\/p>\n<p style=\"text-align: justify;\">Alors, pour ne plus vivre ce retour \u00e0 la vie normale seule, elle a cr\u00e9\u00e9 <a href=\"https:\/\/www.lamaisonjaia.fr\/\" rel=\"noopener\" target=\"_blank\">cette maison de l\u2019apr\u00e8s-cancer \u00e0 Rennes<\/a> pour aider d\u2019autres anciens malades, et <strong>dans ce format-l\u00e0, il s\u2019agit d\u2019une premi\u00e8re en France.<\/strong><\/p>\n<p style=\"text-align: justify;\">Dans cet espace am\u00e9nag\u00e9 presque comme une vraie maison, <strong>plus de 20 disciplines et soins de support sont dispens\u00e9es<\/strong> par des sp\u00e9cialistes comme sur la di\u00e9t\u00e9tique, la psychologie, ou encore la sexologie. Tous ces soins sont donc accessibles \u00e0 toutes les personnes ayant eu un cancer et cherchant du r\u00e9confort dans l\u2019apr\u00e8s.<\/p>\n<blockquote>\n<p style=\"text-align: justify;\">\u00ab\u00a0Ce sont<strong> <\/strong>des soins <strong>non-m\u00e9dicamenteux qui permettent d&rsquo;am\u00e9liorer la qualit\u00e9 de vie<\/strong>. En fait, je me suis aper\u00e7u apr\u00e8s mon cancer en 2017, <strong>que ce n&rsquo;\u00e9tait finalement pas si simple que \u00e7a<\/strong>, \u00e0 la fois de vivre l&rsquo;apr\u00e8s, mais \u00e9galement <strong>d&rsquo;acc\u00e9der \u00e0 des soins de support pour apporter un mieux-\u00eatre<\/strong>.\u00a0\u00bb<\/p>\n<\/blockquote>\n<p>\u00a0<\/p>\n<p>Gratuit pour les petits revenus<\/p>\n<p style=\"text-align: justify;\">Dans l\u2019id\u00e9e aussi de d\u00e9mocratiser l\u2019acc\u00e8s de ces soins \u00e0 tous, l\u2019implantation en plein quartier des Gayeulles a \u00e9t\u00e9 une volont\u00e9 de Florence L\u00e9v\u00eaque, comme le fait de <strong>rendre gratuits ces parcours de soins pour les personnes \u00e0 petits revenus<\/strong>, et au maximum, ils co\u00fbtent 100\u20ac. Ainsi, depuis son ouverture, en avril 2025, <strong>la maison Ja\u00efa, a d\u00e9j\u00e0 accueilli plus de 50 patients.<\/strong><\/p>\n<blockquote>\n<p>\u00ab\u00a0\u00c0 la fin de l\u2019accompagnement, <strong>on nous dit merci<\/strong>. On a des t\u00e9moignages qui sont poignants, car les b\u00e9n\u00e9ficiaires sentent qu\u2019ils ont progress\u00e9 que ce soit dans leur posture, ou encore qu\u2019ils aient retrouv\u00e9 le go\u00fbt de bien s\u2019habiller. <strong>On les voit sourire<\/strong>, et ils ont de la gratitude, car venir ici, <strong>\u00e7a leur a apport\u00e9 une forme de renaissance<\/strong>. <strong>Ils ont de nouveau envie de vivre.\u00a0\u00bb<\/strong><\/p>\n<\/blockquote>\n<p style=\"text-align: justify;\">\u00c0 terme, <strong>entre 140 et 150 patients pourront y venir chaque ann\u00e9e<\/strong>, toujours accompagn\u00e9s par le sourire de Florence L\u00e9v\u00eaque et son envie de rendre l\u2019apr\u00e8s-cancer de tous une renaissance et non, une nouvelle bataille.<\/p>\n","protected":false},"excerpt":{"rendered":"Une cinquantaine de patients sont d\u00e9j\u00e0 pass\u00e9s dans cette maison de l&rsquo;apr\u00e8s-cancer. Cr\u00e9dit : Goudi Studio En ce&hellip;\n","protected":false},"author":2,"featured_media":479004,"comment_status":"","ping_status":"","sticky":false,"template":"","format":"standard","meta":{"footnotes":""},"categories":[2821],"tags":[1111,11,36059,829,101,1777,674,1011,27,5701,226,12,54321,584,25],"class_list":{"0":"post-479003","1":"post","2":"type-post","3":"status-publish","4":"format-standard","5":"has-post-thumbnail","7":"category-rennes","8":"tag-actu","9":"tag-actualites","10":"tag-bonne-nouvelle","11":"tag-bretagne","12":"tag-cancer","13":"tag-eu","14":"tag-europe","15":"tag-fr","16":"tag-france","17":"tag-innovation","18":"tag-maladie","19":"tag-news","20":"tag-octobre-rose","21":"tag-rennes","22":"tag-republique-francaise"},"share_on_mastodon":{"url":"https:\/\/pubeurope.com\/@fr\/115411161833487908","error":""},"_links":{"self":[{"href":"https:\/\/www.europesays.com\/fr\/wp-json\/wp\/v2\/posts\/479003","targetHints":{"allow":["GET"]}}],"collection":[{"href":"https:\/\/www.europesays.com\/fr\/wp-json\/wp\/v2\/posts"}],"about":[{"href":"https:\/\/www.europesays.com\/fr\/wp-json\/wp\/v2\/types\/post"}],"author":[{"embeddable":true,"href":"https:\/\/www.europesays.com\/fr\/wp-json\/wp\/v2\/users\/2"}],"replies":[{"embeddable":true,"href":"https:\/\/www.europesays.com\/fr\/wp-json\/wp\/v2\/comments?post=479003"}],"version-history":[{"count":0,"href":"https:\/\/www.europesays.com\/fr\/wp-json\/wp\/v2\/posts\/479003\/revisions"}],"wp:featuredmedia":[{"embeddable":true,"href":"https:\/\/www.europesays.com\/fr\/wp-json\/wp\/v2\/media\/479004"}],"wp:attachment":[{"href":"https:\/\/www.europesays.com\/fr\/wp-json\/wp\/v2\/media?parent=479003"}],"wp:term":[{"taxonomy":"category","embeddable":true,"href":"https:\/\/www.europesays.com\/fr\/wp-json\/wp\/v2\/categories?post=479003"},{"taxonomy":"post_tag","embeddable":true,"href":"https:\/\/www.europesays.com\/fr\/wp-json\/wp\/v2\/tags?post=479003"}],"curies":[{"name":"wp","href":"https:\/\/api.w.org\/{rel}","templated":true}]}}