{"id":479005,"date":"2025-10-21T08:15:17","date_gmt":"2025-10-21T08:15:17","guid":{"rendered":"https:\/\/www.europesays.com\/fr\/479005\/"},"modified":"2025-10-21T08:15:17","modified_gmt":"2025-10-21T08:15:17","slug":"etienne-daguinos-valentin-gondouin-margaux-sieracki-duncan-perrillat-florian-caro-et-18-500-coureurs-au-depart","status":"publish","type":"post","link":"https:\/\/www.europesays.com\/fr\/479005\/","title":{"rendered":"Etienne Daguinos, Valentin Gondouin, Margaux Sieracki, Duncan Perrillat, Florian Caro&#8230; et 18 500 coureurs au d\u00e9part"},"content":{"rendered":"<p><strong>Un kilom\u00e8tre parcouru = un arbre plant\u00e9<\/strong><\/p>\n<p style=\"text-align: justify;\">Un kilom\u00e8tre parcouru = un arbre plant\u00e9, tel est le concept du Marathon Vert Rennes School of Business depuis sa premi\u00e8re \u00e9dition en juin 2011. Au-del\u00e0 de la comp\u00e9tition, des valeurs sportives et solidaires qu\u2019elle v\u00e9hicule, chaque coureur apporte sa contribution pour minimiser toujours plus son impact environnemental. Cela passe par plusieurs initiatives : transports collectifs ou \u00e9comobilit\u00e9 privil\u00e9gi\u00e9s, tri des d\u00e9chets, limitation des contenants jetables et recyclage des puces de chronom\u00e9trage parmi tant d\u2019autres.<\/p>\n<p style=\"text-align: justify;\">Engag\u00e9 dans une d\u00e9marche durable et en soutien \u00e0 plusieurs associations d\u00e9di\u00e9es aux personnes en situation de handicap depuis sa cr\u00e9ation, le Marathon Vert poursuit son action environnementale en partenariat avec la Fondation Yves Rocher. Tous les deux kilom\u00e8tres parcourus, un arbre sera plant\u00e9 en \u00c9thiopie. Un engagement qui a d\u00e9j\u00e0 permis la plantation de plus de 1 500 000 arbres dans le monde.<\/p>\n<p style=\"text-align: justify;\">Les records sont faits pour \u00eatre battus, para\u00eet-il. Celui de la participation de toutes distances confondues va \u00eatre pulv\u00e9ris\u00e9 avec 18 500 coureurs sur le macadam ce week-end \u00e0 Rennes (15 000 en 2024, 11 500 en 2023, 9000 en 2022). Tout ce beau monde sera encadr\u00e9 par une \u00e9quipe d\u2019environ 1200 b\u00e9n\u00e9voles. Les parcours se veulent festifs gr\u00e2ce aux nombreuses animations musicales qui les jalonnent, afin de donner de l\u2019\u00e9nergie aux participants pour encha\u00eener les kilom\u00e8tres.<\/p>\n","protected":false},"excerpt":{"rendered":"Un kilom\u00e8tre parcouru = un arbre plant\u00e9 Un kilom\u00e8tre parcouru = un arbre plant\u00e9, tel est le concept&hellip;\n","protected":false},"author":2,"featured_media":479006,"comment_status":"","ping_status":"","sticky":false,"template":"","format":"standard","meta":{"footnotes":""},"categories":[2821],"tags":[1111,11,829,1777,674,1011,27,60244,60245,12,5240,584,25],"class_list":{"0":"post-479005","1":"post","2":"type-post","3":"status-publish","4":"format-standard","5":"has-post-thumbnail","7":"category-rennes","8":"tag-actu","9":"tag-actualites","10":"tag-bretagne","11":"tag-eu","12":"tag-europe","13":"tag-fr","14":"tag-france","15":"tag-marathon-de-rennes","16":"tag-marathon-vert-rennes-school-of-business","17":"tag-news","18":"tag-programme","19":"tag-rennes","20":"tag-republique-francaise"},"share_on_mastodon":{"url":"https:\/\/pubeurope.com\/@fr\/115411165236471118","error":""},"_links":{"self":[{"href":"https:\/\/www.europesays.com\/fr\/wp-json\/wp\/v2\/posts\/479005","targetHints":{"allow":["GET"]}}],"collection":[{"href":"https:\/\/www.europesays.com\/fr\/wp-json\/wp\/v2\/posts"}],"about":[{"href":"https:\/\/www.europesays.com\/fr\/wp-json\/wp\/v2\/types\/post"}],"author":[{"embeddable":true,"href":"https:\/\/www.europesays.com\/fr\/wp-json\/wp\/v2\/users\/2"}],"replies":[{"embeddable":true,"href":"https:\/\/www.europesays.com\/fr\/wp-json\/wp\/v2\/comments?post=479005"}],"version-history":[{"count":0,"href":"https:\/\/www.europesays.com\/fr\/wp-json\/wp\/v2\/posts\/479005\/revisions"}],"wp:featuredmedia":[{"embeddable":true,"href":"https:\/\/www.europesays.com\/fr\/wp-json\/wp\/v2\/media\/479006"}],"wp:attachment":[{"href":"https:\/\/www.europesays.com\/fr\/wp-json\/wp\/v2\/media?parent=479005"}],"wp:term":[{"taxonomy":"category","embeddable":true,"href":"https:\/\/www.europesays.com\/fr\/wp-json\/wp\/v2\/categories?post=479005"},{"taxonomy":"post_tag","embeddable":true,"href":"https:\/\/www.europesays.com\/fr\/wp-json\/wp\/v2\/tags?post=479005"}],"curies":[{"name":"wp","href":"https:\/\/api.w.org\/{rel}","templated":true}]}}