{"id":479009,"date":"2025-10-21T08:17:35","date_gmt":"2025-10-21T08:17:35","guid":{"rendered":"https:\/\/www.europesays.com\/fr\/479009\/"},"modified":"2025-10-21T08:17:35","modified_gmt":"2025-10-21T08:17:35","slug":"strasbourg-six-recommandations-pour-frissonner-en-cette-periode-dhalloween","status":"publish","type":"post","link":"https:\/\/www.europesays.com\/fr\/479009\/","title":{"rendered":"Strasbourg. Six recommandations pour frissonner en cette p\u00e9riode d\u2019Halloween"},"content":{"rendered":"<p>  Balade en paddle sp\u00e9cial Halloween<\/p>\n<p>Apr\u00e8s <a href=\"https:\/\/www.dna.fr\/culture-loisirs\/2024\/12\/02\/la-balade-des-peres-noel-en-paddle-revient-ce-samedi-7-decembre\" target=\"_blank\" rel=\"noopener\">les p\u00e8res No\u00ebl<\/a> , ce sera le tour des sorci\u00e8res, fant\u00f4mes, vampires et autres monstres de sillonner l\u2019eau sur un paddle. Une sortie sp\u00e9ciale Halloween est pr\u00e9vue le samedi 25\u00a0octobre avec un parcours de 5\u00a0km (environ 1\u00a0h\u00a030).<\/p>\n<p>Si vous n\u2019\u00eates pas tr\u00e8s \u00e0 l\u2019aise sur l\u2019eau, vous pourrez toujours tenter de croiser leur chemin pour prendre d\u2019\u00e9tonnantes photos. Ils partiront \u00e0 16\u00a0h de l\u2019Ascpa Strasbourg.<\/p>\n<p class=\"note\">15\u00a0\u20ac. Le 25\u00a0octobre. Inscriptions en ligne.<\/p>\n<p>  Voyage au Pays des merveilles sur la presqu\u2019\u00eele Malraux<\/p>\n<p>Halloween est toujours une p\u00e9riode un peu d\u00e9paysante o\u00f9 l\u2019on peut croiser des \u00eatres atypiques. Pourquoi pas le lapin blanc et le chapelier fou\u00a0? Les <a href=\"https:\/\/www.dna.fr\/edition-de-strasbourg\/2018\/08\/11\/kheops-et-la-prohibition-dans-une-ancienne-loge-maconnique\" target=\"_blank\" rel=\"noopener\">Secrets du Sablier<\/a> vous proposent une aventure digne de l\u2019autre c\u00f4t\u00e9 du miroir dans laquelle vous devrez r\u00e9soudre des \u00e9nigmes en rencontrant les personnages loufoques du Pays des merveilles afin d\u2019\u00e9viter que celui-ci disparaisse.<\/p>\n<p>Une alternative ludique et familiale aux frissons halloweenesques.<\/p>\n<p class=\"note\">De 18\u00a0\u20ac \u00e0 28\u00a0\u20ac. Du 24\u00a0octobre au 2\u00a0novembre. Informations sur lessecretsdusablier.com<\/p>\n<p>  Contes d\u00e9senchant\u00e9s et terreur spatiale \u00e0 Truchtersheim<\/p>\n<p>On vous emm\u00e8ne un peu plus loin, \u00e0 Truchtersheim, pour une plong\u00e9e \u00e0 travers trois univers terrifiants. La Panic Factory vous propose de traverser la ferme des timbr\u00e9s avec ses paysans arm\u00e9s de tron\u00e7onneuses, des contes d\u00e9senchant\u00e9s et une histoire de terreur spatiale. Pour s\u2019en sortir, il faudra fouiller, faire preuve d\u2019adresse physique et mentale, trouver la sortie d\u2019un labyrinthe et r\u00e9colter un maximum de points de vie\u00a0!<\/p>\n<p>L\u2019exp\u00e9rience est r\u00e9serv\u00e9e aux plus de 16 ans. Nouveaut\u00e9 de cette ann\u00e9e, les mercredis\u00a022 et 29\u00a0octobre seront r\u00e9serv\u00e9s aux enfants de 6 \u00e0 12 ans (12\u00a0\u20ac).<\/p>\n<p class=\"note\">25\u00a0\u20ac. Jusqu\u2019au 1 er \u00a0novembre. Information sur www.panicfactory.fr<\/p>\n<p>Ce contenu est bloqu\u00e9 car vous n&rsquo;avez pas accept\u00e9 les cookies et autres traceurs.<\/p>\n<p>En cliquant sur \u00ab J\u2019accepte \u00bb, les cookies et autres traceurs seront d\u00e9pos\u00e9s et vous pourrez visualiser les contenus  (<a href=\"\" class=\"consentModule_policy\" target=\"_blank\" title=\"Consulter la politique de protection des donn\u00e9es du fournisseur\">plus d&rsquo;informations<\/a>).<\/p>\n<p>En cliquant sur \u00ab J\u2019accepte tous les cookies \u00bb, vous autorisez des d\u00e9p\u00f4ts de cookies et autres traceurs pour le stockage de vos donn\u00e9es sur nos sites et applications \u00e0 des fins de personnalisation et de ciblage publicitaire.<\/p>\n<p class=\"consentModule_secondaryText\">Vous gardez la possibilit\u00e9 de retirer votre consentement \u00e0 tout moment en consultant notre <a href=\"https:\/\/www.dna.fr\/protection-des-donnees\" target=\"_blank\" title=\"Consulter notre politique de protection des donn\u00e9es\" rel=\"noopener\">politique de protection des donn\u00e9es<\/a>. <br \/>&#13;<br \/>\n            <a href=\"https:\/\/www.dna.fr\/culture-loisirs\/2025\/10\/21\/javascript:Didomi.notice.show()\" class=\"consentModule_cmp\" target=\"_blank\" rel=\"noopener\">G\u00e9rer mes choix<\/a>&#13;\n        <\/p>\n<p>&#13;<br \/>\n                        J&rsquo;accepte&#13;<br \/>\n            J&rsquo;accepte tous les cookies&#13;\n        <\/p>\n<p>Ce contenu est bloqu\u00e9 car vous n&rsquo;avez pas accept\u00e9 les cookies et autres traceurs.<\/p>\n<p>En cliquant sur \u00ab J\u2019accepte \u00bb, les cookies et autres traceurs seront d\u00e9pos\u00e9s et vous pourrez visualiser les contenus  (<a href=\"\" class=\"consentModule_policy\" target=\"_blank\" title=\"Consulter la politique de protection des donn\u00e9es du fournisseur\">plus d&rsquo;informations<\/a>).<\/p>\n<p>En cliquant sur \u00ab J\u2019accepte tous les cookies \u00bb, vous autorisez des d\u00e9p\u00f4ts de cookies et autres traceurs pour le stockage de vos donn\u00e9es sur nos sites et applications \u00e0 des fins de personnalisation et de ciblage publicitaire.<\/p>\n<p class=\"consentModule_secondaryText\">Vous gardez la possibilit\u00e9 de retirer votre consentement \u00e0 tout moment en consultant notre <a href=\"https:\/\/www.dna.fr\/protection-des-donnees\" target=\"_blank\" title=\"Consulter notre politique de protection des donn\u00e9es\" rel=\"noopener\">politique de protection des donn\u00e9es<\/a>. <br \/>&#13;<br \/>\n            <a href=\"https:\/\/www.dna.fr\/culture-loisirs\/2025\/10\/21\/javascript:Didomi.notice.show()\" class=\"consentModule_cmp\" target=\"_blank\" rel=\"noopener\">G\u00e9rer mes choix<\/a>&#13;\n        <\/p>\n<p>&#13;<br \/>\n                        J&rsquo;accepte&#13;<br \/>\n            J&rsquo;accepte tous les cookies&#13;\n        <\/p>\n<p>Selon votre \u00e2ge et votre sensibilit\u00e9, vous pourrez choisir entre trois formules\u00a0: la mini monster run (\u00e0 partir de 3 ans) avec un spectacle familial sur la th\u00e9matique des merveilles du cirque, la classique accessible d\u00e8s 12 ans et la version cauchemar pour les amateurs de sensations fortes (d\u00e9conseill\u00e9e aux moins de 16 ans). Une seule question : qui rira (ou vivra) le dernier\u00a0?<\/p>\n<p class=\"note\">\u00c0 partir de 21\u00a0\u20ac (d\u00e8s 10\u00a0\u20ac pour la mini monster run). Jusqu\u2019au 8\u00a0novembre. Informations sur www.unlockdreamsfactory.fr.<\/p>\n<p>En partenariat avec l\u2019association pour la r\u00e9habilitation de la tuilerie Sonntag, 1,50\u00a0\u20ac sera revers\u00e9 par billet vendu pour la pr\u00e9servation du site.<\/p>\n<p class=\"note\">33\u00a0\u20ac. Du 24\u00a0octobre au 9\u00a0novembre. Informations sur www.madknacks.fr<\/p>\n<p>Ce contenu est bloqu\u00e9 car vous n&rsquo;avez pas accept\u00e9 les cookies et autres traceurs.<\/p>\n<p>En cliquant sur \u00ab J\u2019accepte \u00bb, les cookies et autres traceurs seront d\u00e9pos\u00e9s et vous pourrez visualiser les contenus  (<a href=\"\" class=\"consentModule_policy\" target=\"_blank\" title=\"Consulter la politique de protection des donn\u00e9es du fournisseur\">plus d&rsquo;informations<\/a>).<\/p>\n<p>En cliquant sur \u00ab J\u2019accepte tous les cookies \u00bb, vous autorisez des d\u00e9p\u00f4ts de cookies et autres traceurs pour le stockage de vos donn\u00e9es sur nos sites et applications \u00e0 des fins de personnalisation et de ciblage publicitaire.<\/p>\n<p class=\"consentModule_secondaryText\">Vous gardez la possibilit\u00e9 de retirer votre consentement \u00e0 tout moment en consultant notre <a href=\"https:\/\/www.dna.fr\/protection-des-donnees\" target=\"_blank\" title=\"Consulter notre politique de protection des donn\u00e9es\" rel=\"noopener\">politique de protection des donn\u00e9es<\/a>. <br \/>&#13;<br \/>\n            <a href=\"https:\/\/www.dna.fr\/culture-loisirs\/2025\/10\/21\/javascript:Didomi.notice.show()\" class=\"consentModule_cmp\" target=\"_blank\" rel=\"noopener\">G\u00e9rer mes choix<\/a>&#13;\n        <\/p>\n<p>&#13;<br \/>\n                        J&rsquo;accepte&#13;<br \/>\n            J&rsquo;accepte tous les cookies&#13;\n        <\/p>\n<p>  Malleus, Grognon, Barco\u2026 les soir\u00e9es du 31 \u00e0 Stras\u2019<\/p>\n<p>Pour terminer ce mois en beaut\u00e9, on vous a s\u00e9lectionn\u00e9 quelques soir\u00e9es o\u00f9 f\u00eater votre folle nuit d\u2019Halloween. \u00c7a commence avec la derni\u00e8re f\u00eate de la saison du Phare Citadelle, qui s\u2019annonce \u00ab\u00a0remplie d\u2019espi\u00e8gleries et de magie\u00a0\u00bb avec des jeux dr\u00f4les, du tarot et de la musique. D\u00e9guisements fortement recommand\u00e9s.<\/p>\n<p>Le m\u00eame soir, le Barco se transforme en vaisseau fant\u00f4me hant\u00e9 pour une travers\u00e9e infernale de 7 heures, tandis que le Caf\u00e9 Grognon sera le th\u00e9\u00e2tre d\u2019une lutte entre fant\u00f4mes et chasseurs et que les Aviateurs seront poss\u00e9d\u00e9s par un cirque poss\u00e9d\u00e9 et que le <a href=\"https:\/\/www.dna.fr\/culture-loisirs\/2022\/10\/31\/harry-potter-rencontre-la-citrouille-d-halloween\" target=\"_blank\" rel=\"noopener\">Malleus Maleficarum<\/a> accueillera une troupe d\u2019improvisateurs passionn\u00e9s par Cthulhu.<\/p>\n","protected":false},"excerpt":{"rendered":"Balade en paddle sp\u00e9cial Halloween Apr\u00e8s les p\u00e8res No\u00ebl , ce sera le tour des sorci\u00e8res, fant\u00f4mes, vampires&hellip;\n","protected":false},"author":2,"featured_media":479010,"comment_status":"","ping_status":"","sticky":false,"template":"","format":"standard","meta":{"footnotes":""},"categories":[2820],"tags":[1111,11,1687,2880,1777,674,107,1011,27,775,1757,12,4043,25,953,3140,640,2879],"class_list":{"0":"post-479009","1":"post","2":"type-post","3":"status-publish","4":"format-standard","5":"has-post-thumbnail","7":"category-strasbourg","8":"tag-actu","9":"tag-actualites","10":"tag-culture-loisirs","11":"tag-edition-strasbourg","12":"tag-eu","13":"tag-europe","14":"tag-fil-info","15":"tag-fr","16":"tag-france","17":"tag-grand-est","18":"tag-insolite","19":"tag-news","20":"tag-repas-et-the-dansant","21":"tag-republique-francaise","22":"tag-soiree","23":"tag-spectacle","24":"tag-strasbourg","25":"tag-strasbourg-ville"},"share_on_mastodon":{"url":"https:\/\/pubeurope.com\/@fr\/115411173209546698","error":""},"_links":{"self":[{"href":"https:\/\/www.europesays.com\/fr\/wp-json\/wp\/v2\/posts\/479009","targetHints":{"allow":["GET"]}}],"collection":[{"href":"https:\/\/www.europesays.com\/fr\/wp-json\/wp\/v2\/posts"}],"about":[{"href":"https:\/\/www.europesays.com\/fr\/wp-json\/wp\/v2\/types\/post"}],"author":[{"embeddable":true,"href":"https:\/\/www.europesays.com\/fr\/wp-json\/wp\/v2\/users\/2"}],"replies":[{"embeddable":true,"href":"https:\/\/www.europesays.com\/fr\/wp-json\/wp\/v2\/comments?post=479009"}],"version-history":[{"count":0,"href":"https:\/\/www.europesays.com\/fr\/wp-json\/wp\/v2\/posts\/479009\/revisions"}],"wp:featuredmedia":[{"embeddable":true,"href":"https:\/\/www.europesays.com\/fr\/wp-json\/wp\/v2\/media\/479010"}],"wp:attachment":[{"href":"https:\/\/www.europesays.com\/fr\/wp-json\/wp\/v2\/media?parent=479009"}],"wp:term":[{"taxonomy":"category","embeddable":true,"href":"https:\/\/www.europesays.com\/fr\/wp-json\/wp\/v2\/categories?post=479009"},{"taxonomy":"post_tag","embeddable":true,"href":"https:\/\/www.europesays.com\/fr\/wp-json\/wp\/v2\/tags?post=479009"}],"curies":[{"name":"wp","href":"https:\/\/api.w.org\/{rel}","templated":true}]}}