{"id":479011,"date":"2025-10-21T08:18:14","date_gmt":"2025-10-21T08:18:14","guid":{"rendered":"https:\/\/www.europesays.com\/fr\/479011\/"},"modified":"2025-10-21T08:18:14","modified_gmt":"2025-10-21T08:18:14","slug":"nice-christian-estrosi-et-sa-femme-au-coeur-dun-business-louche-la-justice-saisie","status":"publish","type":"post","link":"https:\/\/www.europesays.com\/fr\/479011\/","title":{"rendered":"Nice. Christian Estrosi et sa femme au c\u0153ur d&rsquo;un business louche ? La justice saisie"},"content":{"rendered":"<p>            Par<br \/>\n        <strong><br \/>\n            <a href=\"https:\/\/actu.fr\/auteur\/redaction-nice\" title=\"Consulter tous les articles de R\u00e9daction Nice\" target=\"_blank\" rel=\"noopener\">R\u00e9daction Nice<\/a><br \/>\n        <\/strong><\/p>\n<p>        Publi\u00e9 le<\/p>\n<p>            21 oct. 2025 \u00e0 9h44        <\/p>\n<p>Une <strong>plainte<\/strong> visant les activit\u00e9s de conseil de <a href=\"https:\/\/actu.fr\/tag\/christian-estrosi\" target=\"_blank\" rel=\"noopener\">Christian Estrosi<\/a>, maire Horizons de <a href=\"https:\/\/actu.fr\/nice\/\" target=\"_blank\" rel=\"noopener\">Nice<\/a>, et de son \u00e9pouse Laura Tenoudji a \u00e9t\u00e9 d\u00e9pos\u00e9e au Parquet national financier, indique ce dernier ce lundi 20 octobre sans plus de pr\u00e9cisions sur l\u2019ouverture ou non d\u2019une enqu\u00eate.<\/p>\n<p class=\" wall-content\">Cette plainte, r\u00e9v\u00e9l\u00e9e par le quotidien <a href=\"https:\/\/www.nicematin.com\/\" target=\"_blank\" rel=\"noopener\">Nice-Matin<\/a>, a \u00e9t\u00e9 imm\u00e9diatement d\u00e9nonc\u00e9e comme une \u00ab\u2009boule puante\u2009\u00bb politique par les avocats de M. Estrosi.<\/p>\n<p class=\" wall-content\">Elle a \u00e9t\u00e9 d\u00e9pos\u00e9e pour un \u00ab\u2009lanceur d\u2019alerte\u2009\u00bb, souhaitant l\u2019anonymat, travaillant pour la soci\u00e9t\u00e9 Smart Good Things Holding, selon l\u2019avocat de cet employ\u00e9, Me Guillaume Sergent, qui indique l\u2019avoir \u00e9galement\u00a0d\u00e9pos\u00e9e au parquet de Marseille.<\/p>\n<p>Des honoraires pour plus de 1,5\u00a0million d\u2019euros<\/p>\n<p class=\" wall-content\">Cette \u00ab\u2009plainte contre X\u2009\u00bb pour \u00ab\u2009abus de biens sociaux\u2009\u00bb et \u00ab\u2009recel d\u2019abus de biens sociaux\u2009\u00bb \u00e9voque un <strong>montant d\u2019honoraires de 1\u2009512\u2009000\u00a0euros per\u00e7us<\/strong>, entre mai\u00a02024 et juin\u00a02025, par le couple Estrosi-Tenoudji, de la part de la soci\u00e9t\u00e9 Smart Good Things Holding.<\/p>\n<p class=\" wall-content\">\u00ab\u2009Mon client s\u2019interroge sur la r\u00e9alit\u00e9 des prestations effectu\u00e9es par Christian Estrosi et Laura Tenoudji\u2009\u00bb, indique \u00e0 l\u2019AFP Me Sergent.<\/p>\n<p class=\" wall-content\">Dirig\u00e9e par l\u2019homme d\u2019affaires franco-isra\u00e9lien Serge Bueno, Smart Good Things Holding est une entreprise en partie d\u00e9tenue par l\u2019ex-basketteur <a href=\"https:\/\/actu.fr\/auvergne-rhone-alpes\/villard-de-lans_38548\/isere-le-prefet-met-un-coup-de-frein-au-projet-de-tony-parker-dans-cette-station-de-ski_63163504.html\" target=\"_blank\" rel=\"noopener\">Tony Parker<\/a>, qui a notamment promu des boissons instantan\u00e9es en poudre.<\/p>\n<p>Un int\u00e9ressement sur une vente<\/p>\n<p class=\" wall-content\">La plainte \u00e9voque notamment des honoraires de 960.000 euros, \u00e0 raison de 480.000 euros pour la soci\u00e9t\u00e9 Hopkins &amp; Hopkins de Christian Estrosi et la m\u00eame somme pour celle de son \u00e9pouse, Startup Story, qui concerneraient un int\u00e9ressement, sign\u00e9 en novembre\u00a02023, sur la vente, <strong>quelques mois seulement apr\u00e8s sa cr\u00e9ation<\/strong>, d\u2019une filiale de la soci\u00e9t\u00e9 Smart Good Things Holding.<\/p>\n<p>Votre r\u00e9gion, votre actu !<\/p>\n<p>Recevez chaque jour les infos qui comptent pour vous.<\/p>\n<p>\t<a href=\"https:\/\/actu.fr\/newsletter\" class=\"ac-btn ac-btn--corner ac-btn--medium ac-btn--blue800\" target=\"_blank\" rel=\"noopener\">S&rsquo;incrire<\/a><\/p>\n<p class=\" wall-content\">Cette filiale, Salva, revendue au groupe mutualiste Garance, pour un montant selon Nice-Matin de 50\u00a0millions d\u2019euros, permet de \u00ab\u2009cagnotter\u2009\u00bb lors d\u2019achats dans de grandes enseignes pour s\u2019assurer un revenu lors de sa retraite.<\/p>\n<p class=\" wall-content\">Le reste des prestations de conseil \u00e9voqu\u00e9es par le plaignant s\u2019\u00e9l\u00e8verait \u00e0 192.000 euros pour Christian Estrosi et 360.000 euros pour Laura Tenoudji, par ailleurs chroniqueuse t\u00e9l\u00e9.<\/p>\n<p>\u00ab\u2009Une boule puante\u2009\u00bb<\/p>\n<p class=\" wall-content\">R\u00e9agissant \u00e0 ces accusations, Pierre-Olivier Sur et Mathias Chichportich, avocats de M. Estrosi, d\u00e9noncent \u00ab\u2009une boule puante \u00e0 quelques mois des municipales\u2009\u00bb auxquelles il est <a href=\"https:\/\/actu.fr\/provence-alpes-cote-d-azur\/nice_06088\/municipales-2026-a-nice-voici-tous-les-candidats-declares-pour-l-election_63153431.html\" target=\"_blank\" rel=\"noopener\">candidat \u00e0 sa succession<\/a>.<\/p>\n<p class=\" wall-content\">Ils soulignent que leur client \u00ab\u2009dirige une soci\u00e9t\u00e9 de conseil et exerce son activit\u00e9 dans le strict respect des r\u00e8gles applicables aux \u00e9lus\u2009\u00bb.<\/p>\n<p class=\" wall-content\">\u00ab\u2009Le pr\u00e9tendu plaignant feint sans doute d\u2019ignorer, dans la seule intention de nuire \u00e0 la probit\u00e9 de notre client, que Christian Estrosi exerce cette activit\u00e9 de dirigeant sans percevoir de salaire ou de commission autres que les sommes factur\u00e9es par sa soci\u00e9t\u00e9\u2009\u00bb, \u00e9crivent-ils dans un communiqu\u00e9 transmis \u00e0 l\u2019AFP.<\/p>\n<p class=\" wall-content\"><strong>AVEC AFP<\/strong><\/p>\n<p class=\" wall-content\">Personnalisez votre actualit\u00e9 en ajoutant vos villes et m\u00e9dias en favori avec <a href=\"https:\/\/moncompte.actu.fr\" title=\"D\u00e9couvez Mon Actu\" rel=\"nofollow noopener\" data-trk=\"{&quot;cta&quot;:{&quot;action&quot;:&quot;https:\\\/\\\/moncompte.actu.fr&quot;,&quot;category&quot;:&quot;mon compte&quot;,&quot;from&quot;:&quot;article footer&quot;,&quot;name&quot;:&quot;Mon actu&quot;,&quot;type&quot;:&quot;cta&quot;}}\" target=\"_blank\">Mon Actu<\/a>.<\/p>\n","protected":false},"excerpt":{"rendered":"Par R\u00e9daction Nice Publi\u00e9 le 21 oct. 2025 \u00e0 9h44 Une plainte visant les activit\u00e9s de conseil de&hellip;\n","protected":false},"author":2,"featured_media":479012,"comment_status":"","ping_status":"","sticky":false,"template":"","format":"standard","meta":{"footnotes":""},"categories":[2819],"tags":[1111,11,2397,1777,674,118,1011,27,303,12,2401,882,25],"class_list":{"0":"post-479011","1":"post","2":"type-post","3":"status-publish","4":"format-standard","5":"has-post-thumbnail","7":"category-nice","8":"tag-actu","9":"tag-actualites","10":"tag-christian-estrosi","11":"tag-eu","12":"tag-europe","13":"tag-faits-divers","14":"tag-fr","15":"tag-france","16":"tag-justice","17":"tag-news","18":"tag-nice","19":"tag-provence-alpes-cote-dazur","20":"tag-republique-francaise"},"share_on_mastodon":{"url":"https:\/\/pubeurope.com\/@fr\/115411176854274745","error":""},"_links":{"self":[{"href":"https:\/\/www.europesays.com\/fr\/wp-json\/wp\/v2\/posts\/479011","targetHints":{"allow":["GET"]}}],"collection":[{"href":"https:\/\/www.europesays.com\/fr\/wp-json\/wp\/v2\/posts"}],"about":[{"href":"https:\/\/www.europesays.com\/fr\/wp-json\/wp\/v2\/types\/post"}],"author":[{"embeddable":true,"href":"https:\/\/www.europesays.com\/fr\/wp-json\/wp\/v2\/users\/2"}],"replies":[{"embeddable":true,"href":"https:\/\/www.europesays.com\/fr\/wp-json\/wp\/v2\/comments?post=479011"}],"version-history":[{"count":0,"href":"https:\/\/www.europesays.com\/fr\/wp-json\/wp\/v2\/posts\/479011\/revisions"}],"wp:featuredmedia":[{"embeddable":true,"href":"https:\/\/www.europesays.com\/fr\/wp-json\/wp\/v2\/media\/479012"}],"wp:attachment":[{"href":"https:\/\/www.europesays.com\/fr\/wp-json\/wp\/v2\/media?parent=479011"}],"wp:term":[{"taxonomy":"category","embeddable":true,"href":"https:\/\/www.europesays.com\/fr\/wp-json\/wp\/v2\/categories?post=479011"},{"taxonomy":"post_tag","embeddable":true,"href":"https:\/\/www.europesays.com\/fr\/wp-json\/wp\/v2\/tags?post=479011"}],"curies":[{"name":"wp","href":"https:\/\/api.w.org\/{rel}","templated":true}]}}