{"id":479015,"date":"2025-10-21T08:22:13","date_gmt":"2025-10-21T08:22:13","guid":{"rendered":"https:\/\/www.europesays.com\/fr\/479015\/"},"modified":"2025-10-21T08:22:13","modified_gmt":"2025-10-21T08:22:13","slug":"100-logements-et-des-commerces-vont-pousser-dans-ce-bourg-pres-de-nantes-dici-2028","status":"publish","type":"post","link":"https:\/\/www.europesays.com\/fr\/479015\/","title":{"rendered":"100 logements et des commerces vont pousser dans ce bourg pr\u00e8s de Nantes d&rsquo;ici 2028"},"content":{"rendered":"<p>            Par<br \/>\n        <strong><br \/>\n            <a href=\"https:\/\/actu.fr\/auteur\/journaliste-sm\" title=\"Consulter tous les articles de R\u00e9daction Clisson\" target=\"_blank\" rel=\"noopener\">R\u00e9daction Clisson<\/a><br \/>\n        <\/strong><\/p>\n<p>        Publi\u00e9 le<\/p>\n<p>            21 oct. 2025 \u00e0 9h04        <\/p>\n<p>Les habitants ont pu le constater en passant <b>dans le bourg de la Chapelle Basse-Mer <\/b>(commune d\u00e9l\u00e9gu\u00e9e de <a href=\"https:\/\/actu.fr\/pays-de-la-loire\/divatte-sur-loire_44029\" target=\"_blank\" rel=\"noopener\">Divatte-sur-Loire<\/a>), pr\u00e8s de Nantes : \u00e7a d\u00e9m\u00e9nage !<\/p>\n<p class=\" wall-content\">Au coin de la place de l\u2019\u00e9glise et de la rue M\u00e9riadec La\u00ebnnec, les maisons v\u00e9tustes vid\u00e9es de leurs mat\u00e9riaux annoncent une d\u00e9molition prochaine.<\/p>\n<p class=\" wall-content\">Mais le p\u00e9rim\u00e8tre des travaux \u00e0 venir est bien plus grand : il s\u2019\u00e9tendra de la place de l\u2019\u00e9glise \u00e0 la mairie et jusqu\u2019\u00e0 la rue du Calvaire. A l\u2019occasion du conseil municipal du 7\u00a0octobre, les \u00e9lus ont \u00e9tudi\u00e9 les contours de ce projet phare pour le<b> r\u00e9am\u00e9nagement et la dynamisation du centre-bourg.<\/b><\/p>\n<p>    <a href=\"https:\/\/maps.google.com\/maps?q=47.2720215,-1.3392428&amp;z=15&amp;output=embed\" title=\"Ouvrie le lien\" target=\"_blank\" rel=\"noopener\">Cliquez ici pour visualiser le contenu<\/a><\/p>\n<p>100 logements et 285 m2 de commerces en rez-de-chauss\u00e9e<\/p>\n<p class=\" wall-content\">Au total, ce seront 4 305\u00a0m2 de parcelles qui seront vendus au <a href=\"https:\/\/www.pichet.fr\/agence-immobiliere\/saint-herblain\" target=\"_blank\" rel=\"noopener\">groupe de promotion immobili\u00e8re (GPI) Pichet <\/a>de Saint-Herblain pour la<b> r\u00e9alisation de trois ensembles immobiliers <\/b>: ils comprendront 100 logements et 285\u00a0m2 de surface de commerces en rez-de-chauss\u00e9e.<\/p>\n<p class=\" wall-content\">Parmi la centaine de logements, repr\u00e9sentant une surface totale de 5 862\u00a0m2, 34 logements seront \u00e0 acqu\u00e9rir et 66 seront des logements aid\u00e9s, dont 24 \u00e0 destination de m\u00e9nages ne pouvant pas pr\u00e9tendre aux locations HLM mais ne disposant pas de revenus suffisants pour se loger dans le priv\u00e9.<\/p>\n<p>Vid\u00e9os : en ce moment sur Actu<\/p>\n<p class=\" wall-content\">Tous les logements <b>seront dot\u00e9s d\u2019un espace ext\u00e9rieur.<\/b><\/p>\n<p>Votre r\u00e9gion, votre actu !<\/p>\n<p>Recevez chaque jour les infos qui comptent pour vous.<\/p>\n<p>\t<a href=\"https:\/\/actu.fr\/newsletter\" class=\"ac-btn ac-btn--corner ac-btn--medium ac-btn--blue800\" target=\"_blank\" rel=\"noopener\">S&rsquo;incrire<\/a><br \/>\nUn c\u0153ur d\u2019\u00eelot \u00e0 partager<\/p>\n<p class=\" wall-content\">Une attention particuli\u00e8re sera port\u00e9e <b>aux liaisons douces<\/b> et au c\u0153ur d\u2019\u00eelot : ce dernier sera un espace vert public dont les habitants de l\u2019\u00eelot mais aussi l\u2019ensemble des Divattais pourront profiter.<\/p>\n<p class=\" wall-content\">\u00ab Ce ne sera pas seulement un parking poreux mais aussi un poumon vert en centre-bourg \u00bb, a insist\u00e9 Fabrice Dugne, conseiller d\u00e9l\u00e9gu\u00e9 au cadre de vie et \u00e0 l\u2019environnement.<\/p>\n<p class=\" wall-content\">Pour s\u2019en assurer, le conseil municipal a souhait\u00e9 ajouter aux conditions de vente des parcelles, une mention portant sur la concertation indispensable entre la commune et le groupe de promotion immobili\u00e8re Pichet <b>\u00e0 propos de l\u2019am\u00e9nagement du centre de l\u2019\u00eelot. <\/b><\/p>\n<p class=\" wall-content\">N\u00e9anmoins, Christian Batard, premier adjoint, s\u2019est voulu rassurant : \u00ab Nous avons d\u00e9j\u00e0 travaill\u00e9 avec le GPI Pichet, ils ont toujours bien r\u00e9pondu \u00e0 nos demandes \u00bb.<\/p>\n<p>    <img   decoding=\"async\" loading=\"lazy\" class=\"size-large\" src=\"https:\/\/www.europesays.com\/fr\/wp-content\/uploads\/2025\/10\/c064724e22f86b464724e22f898647v-960x640.jpg\" alt=\"plan Divatte-sur-Loire - commerces 100 logements\" width=\"960\" height=\"640\"\/><br \/>\n    Les trois b\u00e2timents futurs entre la place de l\u2019\u00e9glise, la rue M\u00e9riadec La\u00ebnnec et la rue du Calvaire. \u00a9Groupe de promotion immobili\u00e8re PichetLivraison pr\u00e9vue en 2028<\/p>\n<p class=\" wall-content\">Pour profiter de ce nouvel am\u00e9nagement, il faudra<b> encore un peu de patience. <\/b><\/p>\n<blockquote class=\"ac-article-quote wall-content\">\n<p>Apr\u00e8s les d\u00e9p\u00f4ts de permis de construire et les d\u00e9marches d\u2019acquisitions qui vont se poursuivre jusqu\u2019au troisi\u00e8me trimestre 2026, nous esp\u00e9rons une mise en chantier en septembre prochain, pour une fin de travaux pr\u00e9vue en 2028. Le respect de ce calendrier nous permettrait de rendre ce projet \u00e9ligible \u00e0 un fonds de l\u2019\u00c9tat nomm\u00e9 Aide aux maires b\u00e2tisseurs.<\/p>\n<p>Christelle Braud, maire de Divatte-sur-Loire<\/p><\/blockquote>\n<p class=\" wall-content\">Ce dernier a donc approuv\u00e9 la<b> promesse de vente <\/b>au profit du groupe Pichet <b>pour environ 470 000\u00a0\u20ac <\/b>correspondant aux parcelles communales place de l\u2019\u00e9glise et rue M\u00e9riadec La\u00ebnnec, ainsi que celles de la rue du Calvaire.<\/p>\n<p class=\" wall-content\">D\u2019autres parcelles de la rue du Calvaire appartenant \u00e0 l\u2019\u00c9tablissement public foncier, celui-ci sera charg\u00e9 de d\u00e9lib\u00e9rer pour une promesse de vente \u00e0 hauteur de 330 227\u00a0\u20ac.<\/p>\n<p class=\" wall-content\">Personnalisez votre actualit\u00e9 en ajoutant vos villes et m\u00e9dias en favori avec <a href=\"https:\/\/moncompte.actu.fr\" title=\"D\u00e9couvez Mon Actu\" rel=\"nofollow noopener\" data-trk=\"{&quot;cta&quot;:{&quot;action&quot;:&quot;https:\\\/\\\/moncompte.actu.fr&quot;,&quot;category&quot;:&quot;mon compte&quot;,&quot;from&quot;:&quot;article footer&quot;,&quot;name&quot;:&quot;Mon actu&quot;,&quot;type&quot;:&quot;cta&quot;}}\" target=\"_blank\">Mon Actu<\/a>.<\/p>\n","protected":false},"excerpt":{"rendered":"Par R\u00e9daction Clisson Publi\u00e9 le 21 oct. 2025 \u00e0 9h04 Les habitants ont pu le constater en passant&hellip;\n","protected":false},"author":2,"featured_media":479016,"comment_status":"","ping_status":"","sticky":false,"template":"","format":"standard","meta":{"footnotes":""},"categories":[2818],"tags":[1111,11,215,1777,674,1011,27,1116,766,12,2636,25,104,2900],"class_list":{"0":"post-479015","1":"post","2":"type-post","3":"status-publish","4":"format-standard","5":"has-post-thumbnail","7":"category-nantes","8":"tag-actu","9":"tag-actualites","10":"tag-commerce","11":"tag-eu","12":"tag-europe","13":"tag-fr","14":"tag-france","15":"tag-immobilier","16":"tag-nantes","17":"tag-news","18":"tag-pays-de-la-loire","19":"tag-republique-francaise","20":"tag-societe","21":"tag-vignoble-nantais"},"share_on_mastodon":{"url":"https:\/\/pubeurope.com\/@fr\/115411193277632830","error":""},"_links":{"self":[{"href":"https:\/\/www.europesays.com\/fr\/wp-json\/wp\/v2\/posts\/479015","targetHints":{"allow":["GET"]}}],"collection":[{"href":"https:\/\/www.europesays.com\/fr\/wp-json\/wp\/v2\/posts"}],"about":[{"href":"https:\/\/www.europesays.com\/fr\/wp-json\/wp\/v2\/types\/post"}],"author":[{"embeddable":true,"href":"https:\/\/www.europesays.com\/fr\/wp-json\/wp\/v2\/users\/2"}],"replies":[{"embeddable":true,"href":"https:\/\/www.europesays.com\/fr\/wp-json\/wp\/v2\/comments?post=479015"}],"version-history":[{"count":0,"href":"https:\/\/www.europesays.com\/fr\/wp-json\/wp\/v2\/posts\/479015\/revisions"}],"wp:featuredmedia":[{"embeddable":true,"href":"https:\/\/www.europesays.com\/fr\/wp-json\/wp\/v2\/media\/479016"}],"wp:attachment":[{"href":"https:\/\/www.europesays.com\/fr\/wp-json\/wp\/v2\/media?parent=479015"}],"wp:term":[{"taxonomy":"category","embeddable":true,"href":"https:\/\/www.europesays.com\/fr\/wp-json\/wp\/v2\/categories?post=479015"},{"taxonomy":"post_tag","embeddable":true,"href":"https:\/\/www.europesays.com\/fr\/wp-json\/wp\/v2\/tags?post=479015"}],"curies":[{"name":"wp","href":"https:\/\/api.w.org\/{rel}","templated":true}]}}