{"id":479017,"date":"2025-10-21T08:23:44","date_gmt":"2025-10-21T08:23:44","guid":{"rendered":"https:\/\/www.europesays.com\/fr\/479017\/"},"modified":"2025-10-21T08:23:44","modified_gmt":"2025-10-21T08:23:44","slug":"pres-de-nantes-un-jeune-homme-de-27-ans-retrouve-blesse-apres-avoir-ete-enleve","status":"publish","type":"post","link":"https:\/\/www.europesays.com\/fr\/479017\/","title":{"rendered":"Pr\u00e8s de Nantes, un jeune homme de 27 ans retrouv\u00e9 bless\u00e9 apr\u00e8s avoir \u00e9t\u00e9 enlev\u00e9"},"content":{"rendered":"<p>Une enqu\u00eate pour enl\u00e8vement et s\u00e9questration, violence avec arme et tentative d\u2019extorsion en r\u00e9union a \u00e9t\u00e9 ouverte apr\u00e8s qu\u2019un homme de 27\u00a0ans a \u00e9t\u00e9 enlev\u00e9, dans la nuit du vendredi\u00a017 au samedi 18\u00a0octobre 2025, \u00e0 Saint-Herblain, pr\u00e8s de Nantes (<a target=\"_self\" href=\"https:\/\/www.lanouvellerepublique.fr\/loire-atlantique\" rel=\"noopener\">Loire-Atlantique<\/a>), rapporte <a target=\"_blank\" href=\"https:\/\/www.ouest-france.fr\/societe\/faits-divers\/un-homme-enleve-et-frappe-a-coups-de-marteau-pres-de-nantes-0345f97a-ac1d-11f0-b75e-b80ca3a1c619\" rel=\"noopener\">Presse Oc\u00e9an<\/a>.<\/p>\n<p>Selon les premiers \u00e9l\u00e9ments de l\u2019enqu\u00eate, le jeune homme se trouvait dans une voiture avec ses cousins lorsqu\u2019il a \u00e9t\u00e9 enlev\u00e9 par plusieurs individus. Il a \u00e9t\u00e9 retrouv\u00e9 la m\u00eame nuit par les agents de police secours alert\u00e9s par une habitante de Saint-Herblain, indique <a target=\"_blank\" href=\"https:\/\/www.ouest-france.fr\/faits-divers\/agression\/frappe-a-coups-de-marteau-sequestre-et-extorque-letrange-agression-dun-jeune-pres-de-nantes-f73ae9f2-ac39-11f0-a829-eb0d2e70677d\" rel=\"noopener\">Ouest-France<\/a>.<\/p>\n<p>Le jeune homme hospitalis\u00e9 \u00e0 Nantes<\/p>\n<p>Bless\u00e9e, la victime a \u00e9t\u00e9 transport\u00e9e au CHU de Nantes. \u00ab\u00a0Son pronostic vital n\u2019est pas engag\u00e9\u00a0\u00bb, a pr\u00e9cis\u00e9 le parquet de Nantes. L\u2019homme a expliqu\u00e9 avoir \u00e9t\u00e9 frapp\u00e9 et \u00ab\u00a0a \u00e9voqu\u00e9 plusieurs armes par destination dont un marteau\u00a0\u00bb. L\u2019enqu\u00eate a \u00e9t\u00e9 confi\u00e9e \u00e0 la division de la criminalit\u00e9 organis\u00e9e et sp\u00e9cialis\u00e9e.<\/p>\n<p>Dans la nuit du 13 au 14\u00a0octobre, un homme de 32\u00a0ans avait \u00e9galement \u00e9t\u00e9 <a target=\"_self\" href=\"https:\/\/www.lanouvellerepublique.fr\/loire-atlantique\/un-homme-retrouve-blesse-dans-un-parc-pres-de-nantes-apres-avoir-ete-enleve-en-pleine-rue-1760533681\" rel=\"noopener\">enlev\u00e9 en pleine rue \u00e0 Saint-S\u00e9bastien-sur-Loire<\/a>, pr\u00e8s de Nantes, puis rel\u00e2ch\u00e9 \u00e0 Saint-Herblain. Il avait aussi subi des violences.<\/p>\n","protected":false},"excerpt":{"rendered":"Une enqu\u00eate pour enl\u00e8vement et s\u00e9questration, violence avec arme et tentative d\u2019extorsion en r\u00e9union a \u00e9t\u00e9 ouverte apr\u00e8s&hellip;\n","protected":false},"author":2,"featured_media":479018,"comment_status":"","ping_status":"","sticky":false,"template":"","format":"standard","meta":{"footnotes":""},"categories":[2818],"tags":[1111,11,1674,1777,674,274,1011,27,3047,766,12,2636,25],"class_list":{"0":"post-479017","1":"post","2":"type-post","3":"status-publish","4":"format-standard","5":"has-post-thumbnail","7":"category-nantes","8":"tag-actu","9":"tag-actualites","10":"tag-communes","11":"tag-eu","12":"tag-europe","13":"tag-faits-divers-justice","14":"tag-fr","15":"tag-france","16":"tag-loire-atlantique","17":"tag-nantes","18":"tag-news","19":"tag-pays-de-la-loire","20":"tag-republique-francaise"},"share_on_mastodon":{"url":"https:\/\/pubeurope.com\/@fr\/115411196541077944","error":""},"_links":{"self":[{"href":"https:\/\/www.europesays.com\/fr\/wp-json\/wp\/v2\/posts\/479017","targetHints":{"allow":["GET"]}}],"collection":[{"href":"https:\/\/www.europesays.com\/fr\/wp-json\/wp\/v2\/posts"}],"about":[{"href":"https:\/\/www.europesays.com\/fr\/wp-json\/wp\/v2\/types\/post"}],"author":[{"embeddable":true,"href":"https:\/\/www.europesays.com\/fr\/wp-json\/wp\/v2\/users\/2"}],"replies":[{"embeddable":true,"href":"https:\/\/www.europesays.com\/fr\/wp-json\/wp\/v2\/comments?post=479017"}],"version-history":[{"count":0,"href":"https:\/\/www.europesays.com\/fr\/wp-json\/wp\/v2\/posts\/479017\/revisions"}],"wp:featuredmedia":[{"embeddable":true,"href":"https:\/\/www.europesays.com\/fr\/wp-json\/wp\/v2\/media\/479018"}],"wp:attachment":[{"href":"https:\/\/www.europesays.com\/fr\/wp-json\/wp\/v2\/media?parent=479017"}],"wp:term":[{"taxonomy":"category","embeddable":true,"href":"https:\/\/www.europesays.com\/fr\/wp-json\/wp\/v2\/categories?post=479017"},{"taxonomy":"post_tag","embeddable":true,"href":"https:\/\/www.europesays.com\/fr\/wp-json\/wp\/v2\/tags?post=479017"}],"curies":[{"name":"wp","href":"https:\/\/api.w.org\/{rel}","templated":true}]}}