{"id":479027,"date":"2025-10-21T08:28:10","date_gmt":"2025-10-21T08:28:10","guid":{"rendered":"https:\/\/www.europesays.com\/fr\/479027\/"},"modified":"2025-10-21T08:28:10","modified_gmt":"2025-10-21T08:28:10","slug":"lille-lego-citrouilles-manoir-de-la-peur-et-dinos-lillenium-fait-le-plein-danimations-pour-les-vacances","status":"publish","type":"post","link":"https:\/\/www.europesays.com\/fr\/479027\/","title":{"rendered":"Lille. Lego, citrouilles, manoir de la peur et dinos&#8230; Lillenium fait le plein d&rsquo;animations pour les vacances"},"content":{"rendered":"<p>            Par<br \/>\n        <strong><br \/>\n            <a href=\"https:\/\/actu.fr\/auteur\/hervine-mahaud\" title=\"Consulter tous les articles de Hervine Mahaud\" target=\"_blank\" rel=\"noopener\">Hervine Mahaud<\/a><br \/>\n        <\/strong><\/p>\n<p>        Publi\u00e9 le<\/p>\n<p>            21 oct. 2025 \u00e0 9h37        <\/p>\n<p>Pendant les <b>vacances de la Toussaint<\/b>, le centre commercial <b>Lillenium<\/b>, \u00e0 Lille-Sud, a pr\u00e9vu de quoi occuper petits et grands. Jeux de construction, ateliers cr\u00e9atifs, manoir hant\u00e9 et bonbons \u00e0 volont\u00e9 : du <b>22 octobre au 1er novembre 2025<\/b>, le centre se transforme en v\u00e9ritable terrain de jeu familial, entre <b>univers Lego<\/b> et <b>ambiance d\u2019Halloween<\/b>.<\/p>\n<p>L\u2019univers Lego d\u00e9barque \u00e0 Lillenium<\/p>\n<p class=\" wall-content\">Premi\u00e8re \u00e9tape des festivit\u00e9s : du <b>22 au 25 octobre<\/b>, <b>The Place 2 Brick<\/b> investit le centre commercial. Les fans de <b>Lego<\/b> pourront d\u00e9couvrir un <b>espace de vente g\u00e9ant<\/b>, rempli de sets rares, de pi\u00e8ces \u00e0 l\u2019unit\u00e9 et de cr\u00e9ations originales. De quoi faire r\u00eaver les collectionneurs comme les enfants.<\/p>\n<p class=\" wall-content\">Mais le clou du spectacle sera sans doute la <b>fresque participative g\u00e9ante<\/b> : chaque visiteur pourra y ajouter sa touche personnelle, pour construire ensemble une \u0153uvre collective en briques. Un <b>atelier cr\u00e9atif gratuit<\/b> permettra \u00e9galement aux enfants \u2013 et aux adultes rest\u00e9s de grands enfants \u2013 de laisser libre cours \u00e0 leur imagination.<\/p>\n<p class=\" wall-content\">L\u2019\u00e9v\u00e9nement est <b>enti\u00e8rement gratuit<\/b> et se tiendra chaque jour de <b>10h \u00e0 20h<\/b>.<\/p>\n<p>Frissons garantis au \u201cManoir de la Peur\u201d<\/p>\n<p class=\" wall-content\">Du <b>29 octobre au 1er novembre<\/b>, Lillenium rev\u00eat ses habits les plus effrayants avec l\u2019ouverture du <b>Manoir de la Peur<\/b>. Frissons, d\u00e9fis et surprises sont au programme pour f\u00eater Halloween comme il se doit.<\/p>\n<p class=\" wall-content\">Les visiteurs pourront tenter de <b>remporter jusqu\u2019\u00e0 1 500 \u20ac de cartes cadeaux<\/b> en relevant deux d\u00e9fis : les <b>jarres mal\u00e9fiques<\/b>, o\u00f9 il faudra plonger la main dans l\u2019inconnu, et la <b>roue des potions<\/b>, qui promet son lot de bonnes (ou de mauvaises) surprises.<\/p>\n<p class=\" wall-content\">Les enfants ne seront pas oubli\u00e9s : un <b>stand de maquillage gratuit<\/b> les transformera en monstres ou en sorci\u00e8res, avant de filer au <b>candy bar ensorcel\u00e9<\/b>, rempli de friandises.<\/p>\n<p>Votre r\u00e9gion, votre actu !<\/p>\n<p>Recevez chaque jour les infos qui comptent pour vous.<\/p>\n<p>\t<a href=\"https:\/\/actu.fr\/newsletter\" class=\"ac-btn ac-btn--corner ac-btn--medium ac-btn--blue800\" target=\"_blank\" rel=\"noopener\">S&rsquo;incrire<\/a><\/p>\n<p class=\" wall-content\">Le manoir sera ouvert de <b>14h \u00e0 18h<\/b>, sur pr\u00e9sentation du <b>programme de fid\u00e9lit\u00e9 du centre<\/b>.<\/p>\n<p>Smallicieux : ateliers citrouilles et exp\u00e9riences magiques<\/p>\n<p class=\" wall-content\">Enfin, la <b>Cit\u00e9 des Enfants Smallicieux<\/b>, situ\u00e9e \u00e0 l\u2019int\u00e9rieur du centre commercial, proposera plusieurs ateliers ludiques et scientifiques.<\/p>\n<p class=\" wall-content\">Les <b>25 et 26 octobre<\/b>, place \u00e0 <b>Fabrique ta citrouille<\/b> : les familles pourront creuser et d\u00e9corer leur propre citrouille avant d\u2019assister \u00e0 une <b>exp\u00e9rience chimique \u201cmagique\u201d<\/b>. L\u2019atelier se tiendra de <b>10h \u00e0 12h<\/b> et de <b>14h \u00e0 16h<\/b>, au tarif de <b>24 \u20ac pour un duo parent-enfant<\/b>, incluant l\u2019entr\u00e9e \u00e0 Smallicieux.<\/p>\n<p class=\" wall-content\"><a href=\"https:\/\/www.instagram.com\/p\/DP1mea9iah9\/embed\" title=\"Ouvrir le lien sur Instagram\" target=\"_blank\" rel=\"noopener\">Visualiser le contenu sur Instagram<\/a><\/p>\n<p class=\" wall-content\">Du <b>31 octobre au 2 novembre<\/b>, l\u2019espace proposera un <b>week-end \u201cPotions et Myst\u00e8res\u201d<\/b> : chasse aux potions, fabrication de slime d\u2019Halloween, cristaux magiques et maquillage pour enfants. Ces animations seront <b>gratuites avec l\u2019entr\u00e9e \u00e0 Smallicieux<\/b> (8 \u20ac par personne, gratuit pour les moins de 2 ans).<\/p>\n<p>Un voyage avec les dinosaures et une toute nouvelle aventure \u00e0 d\u00e9couvrir<\/p>\n<p class=\" wall-content\">Enfin, il y aura aussi de quoi se faire peur du c\u00f4t\u00e9 de <a href=\"https:\/\/actu.fr\/hauts-de-france\/lille_59350\/lille-on-a-teste-jurassic-safari-lattraction-avec-des-dinosaures-voici-ce-quon-en-pense_62581025.html\" target=\"_blank\" rel=\"noopener\">Jurassic Safari<\/a>. L\u2019attraction qui nous fait voyager \u00e0 l\u2019\u00e9poque des dinosaures a pr\u00e9vu une toute nouvelle mission \u00e0 l\u2019occasion d\u2019Halloween.\u00a0<\/p>\n<p class=\" wall-content\"><a href=\"https:\/\/www.instagram.com\/p\/DOqwZdLCCD4\/embed\" title=\"Ouvrir le lien sur Instagram\" target=\"_blank\" rel=\"noopener\">Visualiser le contenu sur Instagram<\/a><\/p>\n<p class=\" wall-content\">Et d\u00e8s le 24 octobre, les amateurs de nouveaut\u00e9s pourront d\u00e9couvrir \u00ab\u00a0Les Mondes Fantastiques\u00a0\u00bb, la toute nouvelle aventure immersive qui plonge les visiteurs dans des univers fantastiques \u00e9poustouflants.\u00a0<\/p>\n<p class=\" wall-content\">Personnalisez votre actualit\u00e9 en ajoutant vos villes et m\u00e9dias en favori avec <a href=\"https:\/\/moncompte.actu.fr\" title=\"D\u00e9couvez Mon Actu\" rel=\"nofollow noopener\" data-trk=\"{&quot;cta&quot;:{&quot;action&quot;:&quot;https:\\\/\\\/moncompte.actu.fr&quot;,&quot;category&quot;:&quot;mon compte&quot;,&quot;from&quot;:&quot;article footer&quot;,&quot;name&quot;:&quot;Mon actu&quot;,&quot;type&quot;:&quot;cta&quot;}}\" target=\"_blank\">Mon Actu<\/a>.<\/p>\n<p>                    <script async src=\"\/\/www.instagram.com\/embed.js\"><\/script><\/p>\n","protected":false},"excerpt":{"rendered":"Par Hervine Mahaud Publi\u00e9 le 21 oct. 2025 \u00e0 9h37 Pendant les vacances de la Toussaint, le centre&hellip;\n","protected":false},"author":2,"featured_media":479028,"comment_status":"","ping_status":"","sticky":false,"template":"","format":"standard","meta":{"footnotes":""},"categories":[2815],"tags":[1111,11,1719,1777,674,1011,27,20815,811,1307,1652,12,25,3176],"class_list":{"0":"post-479027","1":"post","2":"type-post","3":"status-publish","4":"format-standard","5":"has-post-thumbnail","7":"category-lille","8":"tag-actu","9":"tag-actualites","10":"tag-enfants","11":"tag-eu","12":"tag-europe","13":"tag-fr","14":"tag-france","15":"tag-halloween","16":"tag-hauts-de-france","17":"tag-lille","18":"tag-loisirs-culture","19":"tag-news","20":"tag-republique-francaise","21":"tag-vacances-scolaires"},"share_on_mastodon":{"url":"https:\/\/pubeurope.com\/@fr\/115411216242421001","error":""},"_links":{"self":[{"href":"https:\/\/www.europesays.com\/fr\/wp-json\/wp\/v2\/posts\/479027","targetHints":{"allow":["GET"]}}],"collection":[{"href":"https:\/\/www.europesays.com\/fr\/wp-json\/wp\/v2\/posts"}],"about":[{"href":"https:\/\/www.europesays.com\/fr\/wp-json\/wp\/v2\/types\/post"}],"author":[{"embeddable":true,"href":"https:\/\/www.europesays.com\/fr\/wp-json\/wp\/v2\/users\/2"}],"replies":[{"embeddable":true,"href":"https:\/\/www.europesays.com\/fr\/wp-json\/wp\/v2\/comments?post=479027"}],"version-history":[{"count":0,"href":"https:\/\/www.europesays.com\/fr\/wp-json\/wp\/v2\/posts\/479027\/revisions"}],"wp:featuredmedia":[{"embeddable":true,"href":"https:\/\/www.europesays.com\/fr\/wp-json\/wp\/v2\/media\/479028"}],"wp:attachment":[{"href":"https:\/\/www.europesays.com\/fr\/wp-json\/wp\/v2\/media?parent=479027"}],"wp:term":[{"taxonomy":"category","embeddable":true,"href":"https:\/\/www.europesays.com\/fr\/wp-json\/wp\/v2\/categories?post=479027"},{"taxonomy":"post_tag","embeddable":true,"href":"https:\/\/www.europesays.com\/fr\/wp-json\/wp\/v2\/tags?post=479027"}],"curies":[{"name":"wp","href":"https:\/\/api.w.org\/{rel}","templated":true}]}}