{"id":479031,"date":"2025-10-21T08:30:12","date_gmt":"2025-10-21T08:30:12","guid":{"rendered":"https:\/\/www.europesays.com\/fr\/479031\/"},"modified":"2025-10-21T08:30:12","modified_gmt":"2025-10-21T08:30:12","slug":"a-marseille-une-soiree-dediee-a-cuba-et-ses-enjeux-contemporains","status":"publish","type":"post","link":"https:\/\/www.europesays.com\/fr\/479031\/","title":{"rendered":"\u00c0 Marseille, une soir\u00e9e d\u00e9di\u00e9e \u00e0 Cuba et ses enjeux contemporains"},"content":{"rendered":"\n<p>Lanc\u00e9 en janvier\u00a02025, l\u2019organisme milite pour d\u00e9velopper des coop\u00e9rations solidaires entre la France et Cuba, faire la lumi\u00e8re sur r\u00e9alit\u00e9 cubaine actuelle et r\u00e9clamer l\u2019arr\u00eat du blocus impos\u00e9 \u00e0 l\u2019\u00eele depuis 1960. Ce rendez-vous \u00e9tait aussi l\u2019occasion de diffuser le film documentaire d\u2019Alain Sabatier De la Camargues \u00e0 la Cienega de Zapata, deux r\u00e9gions qui ont sign\u00e9, en octobre, un projet de collaboration.<\/p>\n","protected":false},"excerpt":{"rendered":"Lanc\u00e9 en janvier\u00a02025, l\u2019organisme milite pour d\u00e9velopper des coop\u00e9rations solidaires entre la France et Cuba, faire la lumi\u00e8re&hellip;\n","protected":false},"author":2,"featured_media":479032,"comment_status":"","ping_status":"","sticky":false,"template":"","format":"standard","meta":{"footnotes":""},"categories":[2814],"tags":[1111,11,1777,674,2081,1011,27,884,12,882,25],"class_list":{"0":"post-479031","1":"post","2":"type-post","3":"status-publish","4":"format-standard","5":"has-post-thumbnail","7":"category-marseille","8":"tag-actu","9":"tag-actualites","10":"tag-eu","11":"tag-europe","12":"tag-film","13":"tag-fr","14":"tag-france","15":"tag-marseille","16":"tag-news","17":"tag-provence-alpes-cote-dazur","18":"tag-republique-francaise"},"share_on_mastodon":{"url":"https:\/\/pubeurope.com\/@fr\/115411224079499832","error":""},"_links":{"self":[{"href":"https:\/\/www.europesays.com\/fr\/wp-json\/wp\/v2\/posts\/479031","targetHints":{"allow":["GET"]}}],"collection":[{"href":"https:\/\/www.europesays.com\/fr\/wp-json\/wp\/v2\/posts"}],"about":[{"href":"https:\/\/www.europesays.com\/fr\/wp-json\/wp\/v2\/types\/post"}],"author":[{"embeddable":true,"href":"https:\/\/www.europesays.com\/fr\/wp-json\/wp\/v2\/users\/2"}],"replies":[{"embeddable":true,"href":"https:\/\/www.europesays.com\/fr\/wp-json\/wp\/v2\/comments?post=479031"}],"version-history":[{"count":0,"href":"https:\/\/www.europesays.com\/fr\/wp-json\/wp\/v2\/posts\/479031\/revisions"}],"wp:featuredmedia":[{"embeddable":true,"href":"https:\/\/www.europesays.com\/fr\/wp-json\/wp\/v2\/media\/479032"}],"wp:attachment":[{"href":"https:\/\/www.europesays.com\/fr\/wp-json\/wp\/v2\/media?parent=479031"}],"wp:term":[{"taxonomy":"category","embeddable":true,"href":"https:\/\/www.europesays.com\/fr\/wp-json\/wp\/v2\/categories?post=479031"},{"taxonomy":"post_tag","embeddable":true,"href":"https:\/\/www.europesays.com\/fr\/wp-json\/wp\/v2\/tags?post=479031"}],"curies":[{"name":"wp","href":"https:\/\/api.w.org\/{rel}","templated":true}]}}