{"id":479037,"date":"2025-10-21T08:33:13","date_gmt":"2025-10-21T08:33:13","guid":{"rendered":"https:\/\/www.europesays.com\/fr\/479037\/"},"modified":"2025-10-21T08:33:13","modified_gmt":"2025-10-21T08:33:13","slug":"lyon-on-sacrifie-les-institutions-qui-ont-fait-notre-ville","status":"publish","type":"post","link":"https:\/\/www.europesays.com\/fr\/479037\/","title":{"rendered":"Lyon. \u00ab On sacrifie les institutions qui ont fait notre ville \u00bb &#8211;"},"content":{"rendered":"<p>\t\t\t\t<img fetchpriority=\"high\" decoding=\"async\" width=\"900\" height=\"675\" src=\"https:\/\/www.europesays.com\/fr\/wp-content\/uploads\/2025\/10\/08-Villa-Borghese-1.jpg\" alt=\"\" title=\"08 Villa Borghese-1\"   class=\"wp-image-165945\"\/><\/p>\n<p><strong>Propos recueillis par Jocelyne Vidal<\/strong> \u2013 Avant la fermeture de la Galerie Emir, ajoutons celles de L\u2019Homme d\u2019Osier, de Beno\u00eet Guyot, de <a href=\"https:\/\/www.lyonpeople.com\/actualites-lyon\/actualites-economiques\/lyon-la-lumineuse-villa-borghese-sapprete-a-tirer-le-rideau-2024-01-13.html\" target=\"_blank\" rel=\"noopener\"><strong>la Villa Borghese<\/strong><\/a> et du magasin de parapluies Crozet pour illustrer l\u2019h\u00e9catombe du commerce ind\u00e9pendant dans une Presqu\u2019Ile cadenass\u00e9e derri\u00e8re les plots de la Zone \u00e0 Trafic Limit\u00e9.<\/p>\n<p>\u00ab\u00a0Les noms, les institutions parfois pluri centenaires qui ont fait Lyon et b\u00e2ti sa r\u00e9putation de capitale de l\u2019art de vivre, on ne les trouvera pas en villages de marques\u00a0\u00bb, d\u00e9plore <strong>Fabrice Bonnot<\/strong>.<\/p>\n<p><a href=\"https:\/\/www.lyonpeople.com\/actualites-lyon\/lyon-une-manifestation-est-organisee-pour-sauver-la-charcuterie-bonnard-2025-09-12.html\" target=\"_blank\" rel=\"noopener\"><strong>&gt; A lire sur le m\u00eame sujet : Il faut sauver le soldat Bonnard\u00a0<\/strong><\/a><\/p>\n<p><img loading=\"lazy\" decoding=\"async\" class=\" wp-image-165946 alignleft\" src=\"data:image\/svg+xml,%3Csvg%20xmlns=\" http:=\"\" alt=\"\" width=\"188\" height=\"228\" data-lazy-src=\"https:\/\/www.europesays.com\/fr\/wp-content\/uploads\/2025\/10\/Fabrice-Bonnot-lyon.jpg\"\/>Trois mois apr\u00e8s avoir pr\u00e9vu une chute de chiffre d\u2019affaires de 50% pour le commerce ind\u00e9pendant, le chef du restaurant Cuisine et D\u00e9pendances, pr\u00e9sident depuis huit ans, des commer\u00e7ants du quartier Charit\u00e9 Bellecour voit ses craintes confirm\u00e9es par un bilan estival catastrophique.<\/p>\n<p>\u00ab\u00a0Les h\u00f4tels de la Presqu\u2019Ile ont subi une baisse de fr\u00e9quentation de 40%, du jamais vu pour l\u2019une des plus grandes villes de France, une capitale de la gastronomie \u00e0 la richesse culturelle et touristique mondialement reconnue\u00a0\u00bb.<\/p>\n<p><strong>Une attractivit\u00e9 mise \u00e0 mal par les difficult\u00e9s d\u2019acc\u00e8s \u00e0 la Presqu\u2019Ile.<\/strong><\/p>\n<p>Le plus grand centre commercial \u00e0 ciel ouvert d\u2019Europe s\u2019est mu\u00e9 en cit\u00e9 interdite. 135 \u20ac d\u2019amende, voil\u00e0 le \u00ab\u00a0cadeau\u00a0\u00bb de bienvenue r\u00e9serv\u00e9 aux automobilistes ext\u00e9rieurs qui n\u2019auraient pas eu le temps ni la patience de s\u2019inscrire sur le site de Lyon Parc Auto.<\/p>\n<p>Les infos nationales relatent r\u00e9guli\u00e8rement les perturbations du trafic lyonnais et les difficult\u00e9s d\u2019acc\u00e8s aux tr\u00e9sors patrimoniaux d\u2019un centre-ville \u00e0 l\u2019animation r\u00e9duite au bruit m\u00e9canique de plots d\u2019acier qui l\u2019\u00e9touffent.<\/p>\n","protected":false},"excerpt":{"rendered":"Propos recueillis par Jocelyne Vidal \u2013 Avant la fermeture de la Galerie Emir, ajoutons celles de L\u2019Homme d\u2019Osier,&hellip;\n","protected":false},"author":2,"featured_media":479038,"comment_status":"","ping_status":"","sticky":false,"template":"","format":"standard","meta":{"footnotes":""},"categories":[1889],"tags":[4257,1111,11,2430,1777,674,1011,27,2428,12,60246,25,60247],"class_list":{"0":"post-479037","1":"post","2":"type-post","3":"status-publish","4":"format-standard","5":"has-post-thumbnail","7":"category-lyon","8":"tag-0top","9":"tag-actu","10":"tag-actualites","11":"tag-auvergne-rhone-alpes","12":"tag-eu","13":"tag-europe","14":"tag-fr","15":"tag-france","16":"tag-lyon","17":"tag-news","18":"tag-on-sacrifie-les-institutions","19":"tag-republique-francaise","20":"tag-villa-borghese"},"share_on_mastodon":{"url":"https:\/\/pubeurope.com\/@fr\/115411236407823074","error":""},"_links":{"self":[{"href":"https:\/\/www.europesays.com\/fr\/wp-json\/wp\/v2\/posts\/479037","targetHints":{"allow":["GET"]}}],"collection":[{"href":"https:\/\/www.europesays.com\/fr\/wp-json\/wp\/v2\/posts"}],"about":[{"href":"https:\/\/www.europesays.com\/fr\/wp-json\/wp\/v2\/types\/post"}],"author":[{"embeddable":true,"href":"https:\/\/www.europesays.com\/fr\/wp-json\/wp\/v2\/users\/2"}],"replies":[{"embeddable":true,"href":"https:\/\/www.europesays.com\/fr\/wp-json\/wp\/v2\/comments?post=479037"}],"version-history":[{"count":0,"href":"https:\/\/www.europesays.com\/fr\/wp-json\/wp\/v2\/posts\/479037\/revisions"}],"wp:featuredmedia":[{"embeddable":true,"href":"https:\/\/www.europesays.com\/fr\/wp-json\/wp\/v2\/media\/479038"}],"wp:attachment":[{"href":"https:\/\/www.europesays.com\/fr\/wp-json\/wp\/v2\/media?parent=479037"}],"wp:term":[{"taxonomy":"category","embeddable":true,"href":"https:\/\/www.europesays.com\/fr\/wp-json\/wp\/v2\/categories?post=479037"},{"taxonomy":"post_tag","embeddable":true,"href":"https:\/\/www.europesays.com\/fr\/wp-json\/wp\/v2\/tags?post=479037"}],"curies":[{"name":"wp","href":"https:\/\/api.w.org\/{rel}","templated":true}]}}