{"id":479039,"date":"2025-10-21T08:35:22","date_gmt":"2025-10-21T08:35:22","guid":{"rendered":"https:\/\/www.europesays.com\/fr\/479039\/"},"modified":"2025-10-21T08:35:22","modified_gmt":"2025-10-21T08:35:22","slug":"tornade-mortelle-dans-le-val-doise-le-trafic-toujours-interrompu-sur-une-partie-du-rer-c-et-de-la-ligne-h","status":"publish","type":"post","link":"https:\/\/www.europesays.com\/fr\/479039\/","title":{"rendered":"Tornade mortelle dans le Val-d\u2019Oise\u00a0: le trafic toujours interrompu sur une partie du RER\u00a0C et de la ligne\u00a0H"},"content":{"rendered":"<p class=\"paragraph text_align_left lp-f-body-02\">Ce sont les cons\u00e9quences <a href=\"https:\/\/www.leparisien.fr\/val-d-oise-95\/toitures-arrachees-arbres-deracines-grues-effondrees-les-images-spectaculaires-de-la-tornade-mortelle-dans-le-val-doise-20-10-2025-PO6LKYSEGVEWRNFGFR54VVBUTU.php\" target=\"_blank\" rel=\"noreferrer noopener\">de la violente tornade<\/a> qui a touch\u00e9 le Val-d\u2019Oise ce lundi soir, <a href=\"https:\/\/www.leparisien.fr\/val-d-oise-95\/la-grue-est-tombee-a-deux-fenetres-de-chez-nous-a-ermont-les-habitants-sous-le-choc-apres-la-tempete-20-10-2025-QHPKFNJQIZBUBAZTDT3QY6WIQY.php\" target=\"_blank\" rel=\"noreferrer noopener\">tuant une personne<\/a>. Le trafic est partiellement interrompu sur le RER\u00a0C et sur le Transilien H jusqu\u2019\u00e0 15\u00a0heures, ce mardi.<\/p>\n<p class=\"paragraph text_align_left lp-f-body-02\">\u00ab\u00a0Le trafic est interrompu entre Pontoise et Ermont &#8211; Eaubonne, dans les 2 sens de circulation, en raison des conditions m\u00e9t\u00e9orologiques (arbre sur les c\u00e2bles d\u2019alimentation \u00e9lectrique dans le secteur de Franconville)\u00a0\u00bb, indique sur X le RER\u00a0C, pr\u00e9cisant que le \u00ab\u00a0trafic est \u00e9galement perturb\u00e9 entre Ermont &#8211; Eaubonne et Massy-Palaiseau, dans les 2 sens de circulation\u00a0\u00bb.<\/p>\n<blockquote class=\"twitter-tweet\">\n<p lang=\"fr\" dir=\"ltr\">\u274c<a href=\"https:\/\/twitter.com\/hashtag\/InfoTrafic?src=hash&amp;ref_src=twsrc%5Etfw\" target=\"_blank\" rel=\"noopener\">#InfoTrafic<\/a> <a href=\"https:\/\/twitter.com\/hashtag\/RERC?src=hash&amp;ref_src=twsrc%5Etfw\" target=\"_blank\" rel=\"noopener\">#RERC<\/a> <\/p>\n<p>Le trafic est interrompu entre Pontoise et Ermont &#8211; Eaubonne, dans les 2 sens de circulation, en raison des conditions m\u00e9t\u00e9orologiques (arbre sur les c\u00e2bles d&rsquo;alimentation \u00e9lectrique dans le secteur de Franconville).<\/p>\n<p>\u23f1 Heure de reprise estim\u00e9e : 15h00.<\/p>\n<p>\u2014 RER C (@RERC_SNCF) <a href=\"https:\/\/twitter.com\/RERC_SNCF\/status\/1980486063484465433?ref_src=twsrc%5Etfw\" target=\"_blank\" rel=\"noopener\">October 21, 2025<\/a><\/p><\/blockquote>\n<p class=\"paragraph text_align_left lp-f-body-02\">Pour <a href=\"https:\/\/x.com\/LigneH_SNCF\/status\/1980486474282766411\" target=\"_blank\" rel=\"noreferrer\">la ligne\u00a0H<\/a>, \u00ab\u00a0le trafic est interrompu entre Ermont-Eaubonne et Pontoise jusqu\u2019\u00e0 15\u00a0heures et ce dans les deux sens de circulation\u00a0\u00bb. Il est aussi \u00ab\u00a0ralenti entre Paris Gare du Nord et Persan Beaumont via Montsoult Maffliers et entre Paris Gare du Nord et Luzarches dans les 2 sens\u00a0\u00bb.<\/p>\n<p>\u00ab\u00a0Une sorte de mini-tornade\u00a0\u00bb<\/p>\n<p class=\"paragraph text_align_left lp-f-body-02\">Selon les autorit\u00e9s pr\u00e9fectorales et judiciaires, un travailleur de 23\u00a0ans a \u00e9t\u00e9 tu\u00e9 sur un chantier et quatre autres personnes ont \u00e9t\u00e9 gri\u00e8vement bless\u00e9es lundi \u00e0 Ermont dans le Val-d\u2019Oise quand une tornade, soudaine et violente, a fait s\u2019\u00e9crouler trois grues. La ville d\u2019Ermont, situ\u00e9e \u00e0 21\u00a0km au nord-est de Paris, a \u00e9t\u00e9 la plus affect\u00e9e par \u00ab\u00a0cet \u00e9pisode venteux, soudain et violent, localis\u00e9 \u00e0 une dizaine de communes, qui s\u2019est produit \u00e0 17h50\u00a0\u00bb, a indiqu\u00e9 le pr\u00e9fet Philippe Court, joint par l\u2019AFP sur place.<\/p>\n<p class=\"paragraph text_align_left lp-f-body-02\">Le repr\u00e9sentant de l\u2019\u00c9tat a \u00e9voqu\u00e9 \u00ab\u00a0une sorte de mini-tornade\u00a0\u00bb. \u00ab\u00a0On recense dix victimes dont une d\u00e9c\u00e9d\u00e9e, un homme de 23\u00a0ans\u00a0\u00bb, a pr\u00e9cis\u00e9 de son c\u00f4t\u00e9 le procureur de la R\u00e9publique de Pontoise, Guirec Le Bras, qui s\u2019est \u00e9galement d\u00e9plac\u00e9 sur les lieux. Il s\u2019agit \u00ab\u00a0d\u2019un des employ\u00e9s de l\u2019entreprise de construction priv\u00e9e qui intervenait sur le chantier\u00a0\u00bb, a-t-il ajout\u00e9 par t\u00e9l\u00e9phone.<\/p>\n<p class=\"paragraph text_align_left lp-f-body-02\">Dans l\u2019attente de l\u2019autopsie, le procureur n\u2019a pu livrer davantage d\u2019\u00e9l\u00e9ments sur les conditions dans lesquelles le d\u00e9c\u00e8s est intervenu. Une enqu\u00eate pour homicide involontaire et blessures involontaires dans le cadre du travail a \u00e9t\u00e9 ouverte \u00e0 Pontoise, en flagrance, et confi\u00e9e au service interd\u00e9partemental de police judiciaire du Val-d\u2019Oise. Dans la soir\u00e9e, l\u2019inspection du travail s\u2019est d\u00e9plac\u00e9e sur les lieux \u00e0 Ermont, pour les premi\u00e8res constatations, a pr\u00e9cis\u00e9 le procureur.<\/p>\n<p><script async src=\"https:\/\/platform.twitter.com\/widgets.js\" charset=\"utf-8\"><\/script><\/p>\n","protected":false},"excerpt":{"rendered":"Ce sont les cons\u00e9quences de la violente tornade qui a touch\u00e9 le Val-d\u2019Oise ce lundi soir, tuant une&hellip;\n","protected":false},"author":2,"featured_media":479040,"comment_status":"","ping_status":"","sticky":false,"template":"","format":"standard","meta":{"footnotes":""},"categories":[1592],"tags":[1111,11,1777,674,1011,27,662,1944,12,626,25,2382],"class_list":{"0":"post-479039","1":"post","2":"type-post","3":"status-publish","4":"format-standard","5":"has-post-thumbnail","7":"category-ile-de-france","8":"tag-actu","9":"tag-actualites","10":"tag-eu","11":"tag-europe","12":"tag-fr","13":"tag-france","14":"tag-ile-de-france","15":"tag-ma-ville","16":"tag-news","17":"tag-paris","18":"tag-republique-francaise","19":"tag-transport-idf-oise"},"share_on_mastodon":{"url":"https:\/\/pubeurope.com\/@fr\/115411243756094335","error":""},"_links":{"self":[{"href":"https:\/\/www.europesays.com\/fr\/wp-json\/wp\/v2\/posts\/479039","targetHints":{"allow":["GET"]}}],"collection":[{"href":"https:\/\/www.europesays.com\/fr\/wp-json\/wp\/v2\/posts"}],"about":[{"href":"https:\/\/www.europesays.com\/fr\/wp-json\/wp\/v2\/types\/post"}],"author":[{"embeddable":true,"href":"https:\/\/www.europesays.com\/fr\/wp-json\/wp\/v2\/users\/2"}],"replies":[{"embeddable":true,"href":"https:\/\/www.europesays.com\/fr\/wp-json\/wp\/v2\/comments?post=479039"}],"version-history":[{"count":0,"href":"https:\/\/www.europesays.com\/fr\/wp-json\/wp\/v2\/posts\/479039\/revisions"}],"wp:featuredmedia":[{"embeddable":true,"href":"https:\/\/www.europesays.com\/fr\/wp-json\/wp\/v2\/media\/479040"}],"wp:attachment":[{"href":"https:\/\/www.europesays.com\/fr\/wp-json\/wp\/v2\/media?parent=479039"}],"wp:term":[{"taxonomy":"category","embeddable":true,"href":"https:\/\/www.europesays.com\/fr\/wp-json\/wp\/v2\/categories?post=479039"},{"taxonomy":"post_tag","embeddable":true,"href":"https:\/\/www.europesays.com\/fr\/wp-json\/wp\/v2\/tags?post=479039"}],"curies":[{"name":"wp","href":"https:\/\/api.w.org\/{rel}","templated":true}]}}