{"id":479041,"date":"2025-10-21T08:36:16","date_gmt":"2025-10-21T08:36:16","guid":{"rendered":"https:\/\/www.europesays.com\/fr\/479041\/"},"modified":"2025-10-21T08:36:16","modified_gmt":"2025-10-21T08:36:16","slug":"la-bourse-de-paris-evolue-proche-de-son-record-actualites","status":"publish","type":"post","link":"https:\/\/www.europesays.com\/fr\/479041\/","title":{"rendered":"La Bourse de Paris \u00e9volue proche de son record : Actualit\u00e9s"},"content":{"rendered":"<p class=\"lead \">La Bourse de Paris \u00e9voluait en petite hausse en d\u00e9but de s\u00e9ance mardi, \u00e0 un rythme qui pourrait mener le CAC 40 tout pr\u00eat de son record de cl\u00f4ture, alors qu&rsquo;une kyrielle de r\u00e9sultats et nouvelles d&rsquo;entreprises sont attendus.<\/p>\n<p class=\"lead \">L&rsquo;indice CAC 40 gagnait 0,24% vers 10H00 locales, \u00e0 8.225,48 points alors que son dernier sommet en cl\u00f4ture, qui date du mois de mai, s&rsquo;\u00e9tait inscrit \u00e0 8.239,99 points.<\/p>\n<p class=\"lead \">Lundi, l&rsquo;indice vedette de la Bourse de Paris avait pris 31,87 points, soit +0,39%, \u00e0 8.206,07 points.<\/p>\n<p class=\"lead \">Le march\u00e9 \u00e9tait encourag\u00e9 par l&rsquo;espoir d&rsquo;un apaisement des tensions commerciales entre la Chine et les Etats-Unis tandis que la Bourse de Tokyo a \u00e9t\u00e9 soutenue par la nomination de Sanae Takaichi comme Premi\u00e8re ministre, une conservatrice en faveur du soutien \u00e0 l&rsquo;\u00e9conomie.<\/p>\n<p class=\"lead \">Sur le march\u00e9 fran\u00e7ais L&rsquo;Or\u00e9al (-0,39%) doit pr\u00e9senter mardi, apr\u00e8s la cl\u00f4ture de la s\u00e9ance, son chiffre d&rsquo;affaires du troisi\u00e8me trimestre, moins de 48 heures apr\u00e8s l&rsquo;annonce de la plus grosse acquisition de son histoire. <\/p>\n<p class=\"lead \">Le num\u00e9ro un du parfum va acqu\u00e9rir, pour 4 milliards d&rsquo;euros, la division beaut\u00e9 du groupe de luxe Kering, un investissement strat\u00e9gique.<\/p>\n<p class=\"lead \">\u00ab\u00a0Avec cette op\u00e9ration, L&rsquo;Or\u00e9al devient d\u00e9sormais clairement le leader incontest\u00e9 du parfum au niveau mondial\u00a0\u00bb, estime dans une note la banque Oddo BHF.<\/p>\n<p class=\"lead \">Le chiffre d&rsquo;affaires de Vivendi (+1,53%), le groupe de Vincent Bollor\u00e9, est aussi au programme apr\u00e8s la fermeture de la s\u00e9ance.<\/p>\n<p class=\"lead \">Sur le march\u00e9 obligataire, un l\u00e9ger repli du taux d&rsquo;int\u00e9r\u00eat des emprunts d&rsquo;Etat fran\u00e7ais a dix ans qui s&rsquo;inscrit \u00e0 3,35% eu lieu de 3,36% la veille refl\u00e8te \u00ab\u00a0un impact tr\u00e8s mod\u00e9r\u00e9 de la d\u00e9gradation anticip\u00e9e de la note de la France par l&rsquo;agence S&amp;P\u00a0\u00bb, ont soulign\u00e9 les analystes de Natixis.<\/p>\n<p class=\"lead \">Edenred bondit<\/p>\n<p class=\"lead \">Edenred, soci\u00e9t\u00e9 de services pr\u00e9pay\u00e9s qui commercialise notamment les Ticket Restaurant, a confirm\u00e9 mardi ses objectifs pour 2025 et reste confiante sur les perspectives de croissance des titres-restaurant malgr\u00e9 un environnement r\u00e9glementaire changeant, des perspectives salu\u00e9es \u00e0 la Bourse de Paris. Le titre prenait 12,10% \u00e0 23,35 euros.<\/p>\n<p class=\"lead \">Le groupe, qui pr\u00e9sentera le 4 novembre son nouveau plan strat\u00e9gique \u00e0 trois ans, a d\u00e9gag\u00e9 un chiffre d&rsquo;affaires de 726 millions d&rsquo;euros au troisi\u00e8me trimestre, en hausse de 6,5% sur un an et sup\u00e9rieur aux attentes des analystes (707 millions d&rsquo;euros).<\/p>\n<p class=\"lead \">Eurofins p\u00e9nalis\u00e9<\/p>\n<p class=\"lead \">Le g\u00e9ant fran\u00e7ais des laboratoires d&rsquo;analyses Eurofins Scientific a poursuivi l&rsquo;acc\u00e9l\u00e9ration de son activit\u00e9 au troisi\u00e8me trimestre et confirm\u00e9 mardi ses objectifs pour l&rsquo;exercice 2025, mais il anticipe un possible impact n\u00e9gatif du renforcement de l&rsquo;euro face au dollar.<\/p>\n<p class=\"lead \">Le chiffre d&rsquo;affaires trimestriel a progress\u00e9 de 4,6% \u00e0 1,8 milliard d&rsquo;euros, un peu en dessous du consensus des analystes de Factset qui attendaient 1,81 milliard d&rsquo;euros.<\/p>\n<p class=\"lead \"><a href=\"https:\/\/www.euronext.com\/fr\/products\/indices\/FR0003500008-XPAR\" target=\"_blank\" rel=\"noopener\">Euronext CAC40<\/a><\/p>\n<p class=\"small font-weight-bold text-gray3 \"> publi\u00e9 le 21 octobre \u00e0 10h24, AFP<\/p>\n<p>                             Partager<\/p>\n","protected":false},"excerpt":{"rendered":"La Bourse de Paris \u00e9voluait en petite hausse en d\u00e9but de s\u00e9ance mardi, \u00e0 un rythme qui pourrait&hellip;\n","protected":false},"author":2,"featured_media":479042,"comment_status":"","ping_status":"","sticky":false,"template":"","format":"standard","meta":{"footnotes":""},"categories":[1888],"tags":[1111,1928,11,1927,340,1777,674,1011,27,6205,12,1926,626,1925,25],"class_list":{"0":"post-479041","1":"post","2":"type-post","3":"status-publish","4":"format-standard","5":"has-post-thumbnail","7":"category-paris","8":"tag-actu","9":"tag-actu-paris","10":"tag-actualites","11":"tag-actualites-paris","12":"tag-bourse","13":"tag-eu","14":"tag-europe","15":"tag-fr","16":"tag-france","17":"tag-marchs","18":"tag-news","19":"tag-news-paris","20":"tag-paris","21":"tag-paris-news","22":"tag-republique-francaise"},"share_on_mastodon":{"url":"https:\/\/pubeurope.com\/@fr\/115411247714825272","error":""},"_links":{"self":[{"href":"https:\/\/www.europesays.com\/fr\/wp-json\/wp\/v2\/posts\/479041","targetHints":{"allow":["GET"]}}],"collection":[{"href":"https:\/\/www.europesays.com\/fr\/wp-json\/wp\/v2\/posts"}],"about":[{"href":"https:\/\/www.europesays.com\/fr\/wp-json\/wp\/v2\/types\/post"}],"author":[{"embeddable":true,"href":"https:\/\/www.europesays.com\/fr\/wp-json\/wp\/v2\/users\/2"}],"replies":[{"embeddable":true,"href":"https:\/\/www.europesays.com\/fr\/wp-json\/wp\/v2\/comments?post=479041"}],"version-history":[{"count":0,"href":"https:\/\/www.europesays.com\/fr\/wp-json\/wp\/v2\/posts\/479041\/revisions"}],"wp:featuredmedia":[{"embeddable":true,"href":"https:\/\/www.europesays.com\/fr\/wp-json\/wp\/v2\/media\/479042"}],"wp:attachment":[{"href":"https:\/\/www.europesays.com\/fr\/wp-json\/wp\/v2\/media?parent=479041"}],"wp:term":[{"taxonomy":"category","embeddable":true,"href":"https:\/\/www.europesays.com\/fr\/wp-json\/wp\/v2\/categories?post=479041"},{"taxonomy":"post_tag","embeddable":true,"href":"https:\/\/www.europesays.com\/fr\/wp-json\/wp\/v2\/tags?post=479041"}],"curies":[{"name":"wp","href":"https:\/\/api.w.org\/{rel}","templated":true}]}}