{"id":479043,"date":"2025-10-21T08:37:13","date_gmt":"2025-10-21T08:37:13","guid":{"rendered":"https:\/\/www.europesays.com\/fr\/479043\/"},"modified":"2025-10-21T08:37:13","modified_gmt":"2025-10-21T08:37:13","slug":"direct-nicolas-sarkozy-est-desormais-incarcere-sa-demande-de-mise-en-liberte-officiellement-deposee","status":"publish","type":"post","link":"https:\/\/www.europesays.com\/fr\/479043\/","title":{"rendered":"DIRECT &#8211; Nicolas Sarkozy est d\u00e9sormais incarc\u00e9r\u00e9, sa demande de mise en libert\u00e9 officiellement d\u00e9pos\u00e9e"},"content":{"rendered":"<p>L&rsquo;incarc\u00e9ration de Nicolas Sarkozy est \u00ab\u00a0une honte\u00a0\u00bb, d\u00e9noncent ses avocats<\/p>\n<p>\u00ab\u00a0Le tribunal, sans aucune preuve, a choisi de retenir Nicolas Sarkozy pour une association, fausse, de malfaiteurs. C&rsquo;est un jour funeste pour lui, pour la France, pour nos institutions, car cette incarc\u00e9ration est une honte. Nous esp\u00e9rons que la Cour d&rsquo;Appel va r\u00e9tablir la v\u00e9rit\u00e9.\u00a0\u00bb<\/p>\n","protected":false},"excerpt":{"rendered":"L&rsquo;incarc\u00e9ration de Nicolas Sarkozy est \u00ab\u00a0une honte\u00a0\u00bb, d\u00e9noncent ses avocats \u00ab\u00a0Le tribunal, sans aucune preuve, a choisi de&hellip;\n","protected":false},"author":2,"featured_media":479044,"comment_status":"","ping_status":"","sticky":false,"template":"","format":"standard","meta":{"footnotes":""},"categories":[1888],"tags":[1111,1928,11,1927,765,1777,674,1011,27,12,1926,3091,626,1925,316,806,25],"class_list":{"0":"post-479043","1":"post","2":"type-post","3":"status-publish","4":"format-standard","5":"has-post-thumbnail","7":"category-paris","8":"tag-actu","9":"tag-actu-paris","10":"tag-actualites","11":"tag-actualites-paris","12":"tag-en-continu","13":"tag-eu","14":"tag-europe","15":"tag-fr","16":"tag-france","17":"tag-news","18":"tag-news-paris","19":"tag-nicolas-sarkozy","20":"tag-paris","21":"tag-paris-news","22":"tag-politique","23":"tag-prison","24":"tag-republique-francaise"},"share_on_mastodon":{"url":"https:\/\/pubeurope.com\/@fr\/115411251617785903","error":""},"_links":{"self":[{"href":"https:\/\/www.europesays.com\/fr\/wp-json\/wp\/v2\/posts\/479043","targetHints":{"allow":["GET"]}}],"collection":[{"href":"https:\/\/www.europesays.com\/fr\/wp-json\/wp\/v2\/posts"}],"about":[{"href":"https:\/\/www.europesays.com\/fr\/wp-json\/wp\/v2\/types\/post"}],"author":[{"embeddable":true,"href":"https:\/\/www.europesays.com\/fr\/wp-json\/wp\/v2\/users\/2"}],"replies":[{"embeddable":true,"href":"https:\/\/www.europesays.com\/fr\/wp-json\/wp\/v2\/comments?post=479043"}],"version-history":[{"count":0,"href":"https:\/\/www.europesays.com\/fr\/wp-json\/wp\/v2\/posts\/479043\/revisions"}],"wp:featuredmedia":[{"embeddable":true,"href":"https:\/\/www.europesays.com\/fr\/wp-json\/wp\/v2\/media\/479044"}],"wp:attachment":[{"href":"https:\/\/www.europesays.com\/fr\/wp-json\/wp\/v2\/media?parent=479043"}],"wp:term":[{"taxonomy":"category","embeddable":true,"href":"https:\/\/www.europesays.com\/fr\/wp-json\/wp\/v2\/categories?post=479043"},{"taxonomy":"post_tag","embeddable":true,"href":"https:\/\/www.europesays.com\/fr\/wp-json\/wp\/v2\/tags?post=479043"}],"curies":[{"name":"wp","href":"https:\/\/api.w.org\/{rel}","templated":true}]}}