{"id":479047,"date":"2025-10-21T08:39:10","date_gmt":"2025-10-21T08:39:10","guid":{"rendered":"https:\/\/www.europesays.com\/fr\/479047\/"},"modified":"2025-10-21T08:39:10","modified_gmt":"2025-10-21T08:39:10","slug":"nicolas-sarkozy-en-prison-a-paris-les-riverains-de-la-sante-habitues-a-voir-defiler-des-gens-celebres","status":"publish","type":"post","link":"https:\/\/www.europesays.com\/fr\/479047\/","title":{"rendered":"Nicolas Sarkozy en prison\u00a0: \u00e0 Paris, les riverains de la Sant\u00e9 \u00ab\u00a0habitu\u00e9s \u00e0 voir d\u00e9filer des gens c\u00e9l\u00e8bres\u00a0\u00bb"},"content":{"rendered":"<p class=\"paragraph text_align_left lp-f-body-02\">\u00ab \u00c7a me fait quand m\u00eame bizarre de me dire que je vais passer l\u00e0 \u00e0 v\u00e9lo tous les jours et qu\u2019un ancien chef d\u2019\u00c9tat sera juste derri\u00e8re\u2026 \u00bb Guillaume, doudoune sans manches bleu marine et pantalon de costard, se tourne vers le haut mur en meuli\u00e8re, qui borde le boulevard Arago <a href=\"https:\/\/www.leparisien.fr\/paris-75\/paris-75014\/\" target=\"_blank\" rel=\"noreferrer nofollow noopener\">(XIVe arrondissement)<\/a>, \u00e0 deux pas de la place Denfert-Rochereau.<\/p>\n<p class=\"paragraph text_align_left lp-f-body-02\">De l\u2019autre c\u00f4t\u00e9, un bout de b\u00e2timent blanc d\u00e9passe au-dessus des pics barbel\u00e9s et des cam\u00e9ras. Plus de 1 000 d\u00e9tenus tentent de cohabiter dans les 708 places que compte officiellement <a href=\"https:\/\/www.leparisien.fr\/faits-divers\/au-coeur-de-la-prison-de-la-sante-surpeuplee-113-detenus-dorment-sur-des-matelas-au-sol-24-02-2023-KWX3JSHVZNBJHLT7QERMCY2DIQ.php\" target=\"_blank\" rel=\"noreferrer nofollow noopener\">le centre p\u00e9nitentiaire de la Sant\u00e9<\/a>, l\u2019unique prison de Paris.<\/p>\n","protected":false},"excerpt":{"rendered":"\u00ab \u00c7a me fait quand m\u00eame bizarre de me dire que je vais passer l\u00e0 \u00e0 v\u00e9lo tous&hellip;\n","protected":false},"author":2,"featured_media":479048,"comment_status":"","ping_status":"","sticky":false,"template":"","format":"standard","meta":{"footnotes":""},"categories":[1888],"tags":[11,1777,674,1011,27,1944,12,626,316,25],"class_list":{"0":"post-479047","1":"post","2":"type-post","3":"status-publish","4":"format-standard","5":"has-post-thumbnail","7":"category-paris","8":"tag-actualites","9":"tag-eu","10":"tag-europe","11":"tag-fr","12":"tag-france","13":"tag-ma-ville","14":"tag-news","15":"tag-paris","16":"tag-politique","17":"tag-republique-francaise"},"share_on_mastodon":{"url":"https:\/\/pubeurope.com\/@fr\/115411259467987780","error":""},"_links":{"self":[{"href":"https:\/\/www.europesays.com\/fr\/wp-json\/wp\/v2\/posts\/479047","targetHints":{"allow":["GET"]}}],"collection":[{"href":"https:\/\/www.europesays.com\/fr\/wp-json\/wp\/v2\/posts"}],"about":[{"href":"https:\/\/www.europesays.com\/fr\/wp-json\/wp\/v2\/types\/post"}],"author":[{"embeddable":true,"href":"https:\/\/www.europesays.com\/fr\/wp-json\/wp\/v2\/users\/2"}],"replies":[{"embeddable":true,"href":"https:\/\/www.europesays.com\/fr\/wp-json\/wp\/v2\/comments?post=479047"}],"version-history":[{"count":0,"href":"https:\/\/www.europesays.com\/fr\/wp-json\/wp\/v2\/posts\/479047\/revisions"}],"wp:featuredmedia":[{"embeddable":true,"href":"https:\/\/www.europesays.com\/fr\/wp-json\/wp\/v2\/media\/479048"}],"wp:attachment":[{"href":"https:\/\/www.europesays.com\/fr\/wp-json\/wp\/v2\/media?parent=479047"}],"wp:term":[{"taxonomy":"category","embeddable":true,"href":"https:\/\/www.europesays.com\/fr\/wp-json\/wp\/v2\/categories?post=479047"},{"taxonomy":"post_tag","embeddable":true,"href":"https:\/\/www.europesays.com\/fr\/wp-json\/wp\/v2\/tags?post=479047"}],"curies":[{"name":"wp","href":"https:\/\/api.w.org\/{rel}","templated":true}]}}