{"id":479049,"date":"2025-10-21T08:40:16","date_gmt":"2025-10-21T08:40:16","guid":{"rendered":"https:\/\/www.europesays.com\/fr\/479049\/"},"modified":"2025-10-21T08:40:16","modified_gmt":"2025-10-21T08:40:16","slug":"guerre-en-ukraine-la-ligne-de-front-doit-servir-de-base-aux-negociations-de-paix","status":"publish","type":"post","link":"https:\/\/www.europesays.com\/fr\/479049\/","title":{"rendered":"Guerre en Ukraine\u00a0: la ligne de front doit servir de \u00ab\u00a0base\u00a0\u00bb aux n\u00e9gociations de paix"},"content":{"rendered":"<p>La ligne de front entre les forces ukrainiennes et russes doit servir de \u00ab base \u00bb aux n\u00e9gociations de paix, ont plaid\u00e9 ce mardi 21 octobre le pr\u00e9sident de l\u2019Ukraine, Volodymyr Zelensky et des dirigeants europ\u00e9ens, dont ceux de la France, la Grande-Bretagne ainsi que l\u2019Allemagne.<\/p>\n<blockquote><p>Nous restons attach\u00e9s au principe selon lequel les fronti\u00e8res internationales ne doivent pas \u00eatre modifi\u00e9es par la force<\/p><\/blockquote>\n<p>\u00ab Les combats doivent cesser imm\u00e9diatement \u00bb<\/p>\n<p>\u00ab Nous soutenons fermement la position du pr\u00e9sident Trump selon laquelle les combats doivent cesser imm\u00e9diatement, et que la ligne de contact actuelle doit servir de base pour les n\u00e9gociations \u00bb, \u00e9crivent ces dirigeants dans ce communiqu\u00e9 commun.<\/p>\n<p>\u00ab Nous restons attach\u00e9s au principe selon lequel les fronti\u00e8res internationales ne doivent pas \u00eatre modifi\u00e9es par la force \u00bb, ajoutent toutefois ces dirigeants, qui s\u2019engagent \u00e9galement \u00e0 maintenir leur soutien pour que l\u2019Ukraine reste \u00ab dans la position la plus forte possible, avant, pendant et apr\u00e8s tout cessez-le-feu \u00bb.<\/p>\n","protected":false},"excerpt":{"rendered":"La ligne de front entre les forces ukrainiennes et russes doit servir de \u00ab base \u00bb aux n\u00e9gociations&hellip;\n","protected":false},"author":2,"featured_media":479050,"comment_status":"","ping_status":"","sticky":false,"template":"","format":"standard","meta":{"footnotes":""},"categories":[1591],"tags":[11,765,1887,2069,74,12,1885,1886,132],"class_list":{"0":"post-479049","1":"post","2":"type-post","3":"status-publish","4":"format-standard","5":"has-post-thumbnail","7":"category-russie","8":"tag-actualites","9":"tag-en-continu","10":"tag-federation-de-russie","11":"tag-guerre-ukraine-russie","12":"tag-monde","13":"tag-news","14":"tag-russia","15":"tag-russian-federation","16":"tag-russie"},"share_on_mastodon":{"url":"https:\/\/pubeurope.com\/@fr\/115411263643641380","error":""},"_links":{"self":[{"href":"https:\/\/www.europesays.com\/fr\/wp-json\/wp\/v2\/posts\/479049","targetHints":{"allow":["GET"]}}],"collection":[{"href":"https:\/\/www.europesays.com\/fr\/wp-json\/wp\/v2\/posts"}],"about":[{"href":"https:\/\/www.europesays.com\/fr\/wp-json\/wp\/v2\/types\/post"}],"author":[{"embeddable":true,"href":"https:\/\/www.europesays.com\/fr\/wp-json\/wp\/v2\/users\/2"}],"replies":[{"embeddable":true,"href":"https:\/\/www.europesays.com\/fr\/wp-json\/wp\/v2\/comments?post=479049"}],"version-history":[{"count":0,"href":"https:\/\/www.europesays.com\/fr\/wp-json\/wp\/v2\/posts\/479049\/revisions"}],"wp:featuredmedia":[{"embeddable":true,"href":"https:\/\/www.europesays.com\/fr\/wp-json\/wp\/v2\/media\/479050"}],"wp:attachment":[{"href":"https:\/\/www.europesays.com\/fr\/wp-json\/wp\/v2\/media?parent=479049"}],"wp:term":[{"taxonomy":"category","embeddable":true,"href":"https:\/\/www.europesays.com\/fr\/wp-json\/wp\/v2\/categories?post=479049"},{"taxonomy":"post_tag","embeddable":true,"href":"https:\/\/www.europesays.com\/fr\/wp-json\/wp\/v2\/tags?post=479049"}],"curies":[{"name":"wp","href":"https:\/\/api.w.org\/{rel}","templated":true}]}}