{"id":479051,"date":"2025-10-21T08:41:22","date_gmt":"2025-10-21T08:41:22","guid":{"rendered":"https:\/\/www.europesays.com\/fr\/479051\/"},"modified":"2025-10-21T08:41:22","modified_gmt":"2025-10-21T08:41:22","slug":"ukraine-la-ville-de-sloviansk-ciblee-par-deux-attaques-de-drones-consecutives","status":"publish","type":"post","link":"https:\/\/www.europesays.com\/fr\/479051\/","title":{"rendered":"Ukraine : la ville de Sloviansk cibl\u00e9e par deux attaques de drones cons\u00e9cutives"},"content":{"rendered":"<p>\n                    Publi\u00e9 le                 20\/10\/2025 &#8211; 17:41 UTC+2<br \/>\n                \u2022Mis \u00e0 jour<br \/>\n                                     17:42\n                                        <\/p>\n<p>          <img decoding=\"async\" class=\"c-ad__placeholder__logo\" src=\"https:\/\/static.euronews.com\/website\/images\/logos\/logo-euronews-stacked-outlined-72x72-grey-9.svg\" width=\"72\" height=\"72\" alt=\"\" loading=\"lazy\"\/><br \/>\n          PUBLICIT\u00c9<\/p>\n<p>Une vague de drones russes a de nouveau frapp\u00e9 la ville de Sloviansk, dans l&rsquo;oblast de Donetsk, durant la nuit de dimanche \u00e0 lundi.<\/p>\n<p>Cette localit\u00e9 du Donbass ukrainien avait d\u00e9j\u00e0 \u00e9t\u00e9 la cible d&rsquo;une attaque similaire la veille, cinq drones ayant endommag\u00e9 plusieurs maisons et une \u00e9cole.<\/p>\n<p>Selon les autorit\u00e9s locales, la derni\u00e8re attaque a impliqu\u00e9 des drones kamikazes Geran-2, qui ont endommag\u00e9 de nombreux b\u00e2timents et des v\u00e9hicules, mais n&rsquo;ont fait aucun bless\u00e9.<\/p>\n<p>La Russie a multipli\u00e9 les bombardements dans cette r\u00e9gion ces derni\u00e8res semaines, le Kremlin cherchant \u00e0 renforcer sa position dans le Donbass, l&rsquo;une des lignes de front les plus actives depuis le lancement de l&rsquo;invasion de l&rsquo;Ukraine en f\u00e9vrier 2022.<\/p>\n<p>La commune de Kostiantynivka, dans l&rsquo;oblast de Donetsk, a \u00e9galement \u00e9t\u00e9 la cible de frappes la semaine derni\u00e8re, et les autorit\u00e9s ukrainiennes s&rsquo;efforcent d&rsquo;organiser l&rsquo;\u00e9vacuation des habitants pris au pi\u00e8ge par les combats et les frappes incessantes dans la r\u00e9gion.<\/p>\n<p>Les coupures de courant se multiplient par ailleurs dans de nombreuses villes ukrainiennes, alors que Moscou poursuit sa campagne annuelle de frappes contre les infrastructures \u00e9nerg\u00e9tiques <a href=\"https:\/\/fr.euronews.com\/my-europe\/2025\/10\/13\/apres-des-frappes-russes-sur-le-reseau-energetique-la-chef-de-la-berd-previent-que-lhiver-\" target=\"_blank\" rel=\"noopener\"><strong>\u00e0 l&rsquo;approche de l&rsquo;hiver<\/strong><\/a>.<\/p>\n","protected":false},"excerpt":{"rendered":"Publi\u00e9 le 20\/10\/2025 &#8211; 17:41 UTC+2 \u2022Mis \u00e0 jour 17:42 PUBLICIT\u00c9 Une vague de drones russes a de&hellip;\n","protected":false},"author":2,"featured_media":479052,"comment_status":"","ping_status":"","sticky":false,"template":"","format":"standard","meta":{"footnotes":""},"categories":[1590],"tags":[11,5581,52195,2024,1777,674,2025,60248,12,220],"class_list":{"0":"post-479051","1":"post","2":"type-post","3":"status-publish","4":"format-standard","5":"has-post-thumbnail","7":"category-ukraine","8":"tag-actualites","9":"tag-attentat","10":"tag-civiles","11":"tag-drones","12":"tag-eu","13":"tag-europe","14":"tag-invasion-de-la-russie-en-ukraine","15":"tag-microdrones","16":"tag-news","17":"tag-ukraine"},"share_on_mastodon":{"url":"https:\/\/pubeurope.com\/@fr\/115411267833487802","error":""},"_links":{"self":[{"href":"https:\/\/www.europesays.com\/fr\/wp-json\/wp\/v2\/posts\/479051","targetHints":{"allow":["GET"]}}],"collection":[{"href":"https:\/\/www.europesays.com\/fr\/wp-json\/wp\/v2\/posts"}],"about":[{"href":"https:\/\/www.europesays.com\/fr\/wp-json\/wp\/v2\/types\/post"}],"author":[{"embeddable":true,"href":"https:\/\/www.europesays.com\/fr\/wp-json\/wp\/v2\/users\/2"}],"replies":[{"embeddable":true,"href":"https:\/\/www.europesays.com\/fr\/wp-json\/wp\/v2\/comments?post=479051"}],"version-history":[{"count":0,"href":"https:\/\/www.europesays.com\/fr\/wp-json\/wp\/v2\/posts\/479051\/revisions"}],"wp:featuredmedia":[{"embeddable":true,"href":"https:\/\/www.europesays.com\/fr\/wp-json\/wp\/v2\/media\/479052"}],"wp:attachment":[{"href":"https:\/\/www.europesays.com\/fr\/wp-json\/wp\/v2\/media?parent=479051"}],"wp:term":[{"taxonomy":"category","embeddable":true,"href":"https:\/\/www.europesays.com\/fr\/wp-json\/wp\/v2\/categories?post=479051"},{"taxonomy":"post_tag","embeddable":true,"href":"https:\/\/www.europesays.com\/fr\/wp-json\/wp\/v2\/tags?post=479051"}],"curies":[{"name":"wp","href":"https:\/\/api.w.org\/{rel}","templated":true}]}}