{"id":479053,"date":"2025-10-21T08:42:11","date_gmt":"2025-10-21T08:42:11","guid":{"rendered":"https:\/\/www.europesays.com\/fr\/479053\/"},"modified":"2025-10-21T08:42:11","modified_gmt":"2025-10-21T08:42:11","slug":"les-exportations-horlogeres-degringolent-de-556-vers-les-etats-unis-en-septembre","status":"publish","type":"post","link":"https:\/\/www.europesays.com\/fr\/479053\/","title":{"rendered":"les exportations horlog\u00e8res d\u00e9gringolent de 55,6% vers les \u00c9tats-Unis en septembre"},"content":{"rendered":"<p class=\"fig-paragraph\">Les\u00a0<a href=\"http:\/\/www.lefigaro.fr\/flash-eco\/les-exportations-horlogeres-suisses-en-recul-generalise-en-aout-20250918\" target=\"_blank\" data-fig-type=\"NewsFlash\" rel=\"noopener\" data-gtm-custom-categorie=\"navigation\" data-gtm-custom-action=\"crossclick\" data-gtm-custom-label=\"Contextuel\" data-gtm-event=\"customEventSPE\" data-fig-domain=\"LEFIGARO\">exportations horlog\u00e8res<\/a>\u00a0suisses ont d\u00e9gringol\u00e9 de 55,6% vers les \u00c9tats-Unis durant le mois de septembre face au choc des droits de douane am\u00e9ricains, a annonc\u00e9 mardi la f\u00e9d\u00e9ration horlog\u00e8re, effa\u00e7ant le rebond sur d&rsquo;autres march\u00e9s cl\u00e9s comme la Chine et Hong Kong. Les exportations de montres suisses vers les \u00c9tats-Unis avaient d\u00e9j\u00e0 chut\u00e9 de 23,9% en ao\u00fbt suite \u00e0 l&rsquo;entr\u00e9e en vigueur dans le courant du mois de droits de 39% impos\u00e9s par Washington, mais ont enregistr\u00e9 une baisse encore plus marqu\u00e9e en septembre apr\u00e8s plusieurs mois de mouvements erratiques depuis les annonces d\u00e9but avril de ce que la Maison Blanche avait surnomm\u00e9 le \u00abLiberation Day\u00bb.<\/p>\n<p class=\"fig-paragraph\">Les horlogers suisses s&rsquo;\u00e9taient alors empress\u00e9s de constituer d&rsquo;importants stocks aux \u00c9tats-Unis avant l&rsquo;entr\u00e9e en vigueur des droits de douane. Les envois de montres vers les \u00c9tats-Unis s&rsquo;\u00e9taient envol\u00e9s de 149,2% en avril, puis avaient chut\u00e9 en mai et juin, avant de bondir \u00e0 nouveau de 45% en juillet. \u00abEn septembre, la majorit\u00e9 des march\u00e9s s&rsquo;est inscrite en nette hausse, mais la correction massive enregistr\u00e9e par les \u00c9tats-Unis en a annul\u00e9 tous les effets\u00bb, a indiqu\u00e9 la f\u00e9d\u00e9ration horlog\u00e8re dans le communiqu\u00e9.<\/p>\n<p class=\"fig-body-link\">\n            \u00c0 lire aussi<br \/>\n        <a class=\"fig-body-link__link fig-premium-mark\" href=\"http:\/\/www.lefigaro.fr\/international\/cela-penalise-surtout-des-femmes-en-suisse-un-texte-sur-le-service-citoyen-declenche-une-guerre-des-sexes-20251018\" target=\"_blank\" data-fig-type=\"Article\" rel=\"noopener\" data-gtm-custom-categorie=\"navigation\" data-gtm-custom-action=\"crossclick\" data-gtm-custom-label=\"Contextuel\" data-gtm-event=\"customEventSPE\" data-fig-domain=\"LEFIGARO\">\u00abCela p\u00e9nalise surtout des femmes\u00bb\u00a0: en Suisse, un texte sur le service citoyen d\u00e9clenche une guerre des sexes<br \/>\n    <\/a>\n<\/p>\n<p>                                    <a class=\"fig-a11y-skip a11y-hidden\" href=\"#fig-a11y-skip-main-inarticle\"><br \/>\n        Passer la publicit\u00e9<br \/>\n    <\/a><\/p>\n<p>Des march\u00e9s qui compensent la baisse<\/p>\n<p class=\"fig-paragraph\">En Chine et \u00e0 Hong Kong, deux autres march\u00e9s importants pour l&rsquo;horlogerie, les exportations ont rebondi de respectivement 17,8% et 20,6% apr\u00e8s une longue phase de contraction. Elles ont \u00e9galement grimp\u00e9 de 8,3% vers Singapour par rapport \u00e0 la m\u00eame p\u00e9riode un an plus t\u00f4t et de 21,5% vers la Cor\u00e9e du Sud mais ont diminu\u00e9 de 7,9% vers le Japon. Les exportations de montres ont \u00e9galement augment\u00e9 de 15,2% vers le Royaume-Uni, la f\u00e9d\u00e9ration horlog\u00e8re soulignant cependant que leur \u00e9volution \u00abs&rsquo;est r\u00e9v\u00e9l\u00e9e moins favorable dans le reste de l&rsquo;Europe\u00bb, avec un repli de 3,5% vers la France et de 3,9% vers l&rsquo;Italie et une chute de 14,6% vers l&rsquo;Allemagne.<\/p>\n<p class=\"fig-paragraph\">Tous march\u00e9 confondus, les exportations horlog\u00e8res suisses ont donc fl\u00e9chi de 3,1% sur un an durant le mois de septembre, \u00e0 2 milliards de francs. Sans cet effondrement aux \u00c9tats-Unis, elles \u00abauraient progress\u00e9 de 7,8%\u00bb, a estim\u00e9 la f\u00e9d\u00e9ration horlog\u00e8re.<\/p>\n","protected":false},"excerpt":{"rendered":"Les\u00a0exportations horlog\u00e8res\u00a0suisses ont d\u00e9gringol\u00e9 de 55,6% vers les \u00c9tats-Unis durant le mois de septembre face au choc des&hellip;\n","protected":false},"author":2,"featured_media":479054,"comment_status":"","ping_status":"","sticky":false,"template":"","format":"standard","meta":{"footnotes":""},"categories":[1589],"tags":[11,73,1866,21821,12,3067,1864,1865,1863,308],"class_list":{"0":"post-479053","1":"post","2":"type-post","3":"status-publish","4":"format-standard","5":"has-post-thumbnail","7":"category-etats-unis","8":"tag-actualites","9":"tag-etats-unis","10":"tag-etats-unis-damerique","11":"tag-exportations","12":"tag-news","13":"tag-suisse","14":"tag-united-states","15":"tag-united-states-of-america","16":"tag-us","17":"tag-usa"},"share_on_mastodon":{"url":"https:\/\/pubeurope.com\/@fr\/115411271368611660","error":""},"_links":{"self":[{"href":"https:\/\/www.europesays.com\/fr\/wp-json\/wp\/v2\/posts\/479053","targetHints":{"allow":["GET"]}}],"collection":[{"href":"https:\/\/www.europesays.com\/fr\/wp-json\/wp\/v2\/posts"}],"about":[{"href":"https:\/\/www.europesays.com\/fr\/wp-json\/wp\/v2\/types\/post"}],"author":[{"embeddable":true,"href":"https:\/\/www.europesays.com\/fr\/wp-json\/wp\/v2\/users\/2"}],"replies":[{"embeddable":true,"href":"https:\/\/www.europesays.com\/fr\/wp-json\/wp\/v2\/comments?post=479053"}],"version-history":[{"count":0,"href":"https:\/\/www.europesays.com\/fr\/wp-json\/wp\/v2\/posts\/479053\/revisions"}],"wp:featuredmedia":[{"embeddable":true,"href":"https:\/\/www.europesays.com\/fr\/wp-json\/wp\/v2\/media\/479054"}],"wp:attachment":[{"href":"https:\/\/www.europesays.com\/fr\/wp-json\/wp\/v2\/media?parent=479053"}],"wp:term":[{"taxonomy":"category","embeddable":true,"href":"https:\/\/www.europesays.com\/fr\/wp-json\/wp\/v2\/categories?post=479053"},{"taxonomy":"post_tag","embeddable":true,"href":"https:\/\/www.europesays.com\/fr\/wp-json\/wp\/v2\/tags?post=479053"}],"curies":[{"name":"wp","href":"https:\/\/api.w.org\/{rel}","templated":true}]}}