{"id":479059,"date":"2025-10-21T08:45:16","date_gmt":"2025-10-21T08:45:16","guid":{"rendered":"https:\/\/www.europesays.com\/fr\/479059\/"},"modified":"2025-10-21T08:45:16","modified_gmt":"2025-10-21T08:45:16","slug":"ces-trois-boulangers-francais-ont-terrasse-le-reste-de-leurope-a-nantes","status":"publish","type":"post","link":"https:\/\/www.europesays.com\/fr\/479059\/","title":{"rendered":"Ces trois boulangers fran\u00e7ais ont terrass\u00e9 le reste de l&rsquo;Europe \u00e0 Nantes"},"content":{"rendered":"<p>            Par<br \/>\n        <strong><br \/>\n            <a href=\"https:\/\/actu.fr\/auteur\/thomas-bernard\" title=\"Consulter tous les articles de Thomas Bernard\" rel=\"nofollow noopener\" target=\"_blank\">Thomas Bernard<\/a><br \/>\n        <\/strong><\/p>\n<p>        Publi\u00e9 le<\/p>\n<p>            21 oct. 2025 \u00e0 10h44        <\/p>\n<p>Ils ont ramen\u00e9 la coupe \u00e0 la maison. Ce dimanche 19\u00a0octobre 2025, <a href=\"https:\/\/actu.fr\/pays-de-la-loire\/nantes_44109\/nantes-trois-boulangers-de-loire-atlantique-representent-la-france-lors-de-la-coupe-d-europe_63298802.html\" rel=\"nofollow noopener\" target=\"_blank\">la coupe d\u2019Europe de boulangerie artisanale \u00e9tait organis\u00e9e \u00e0 Nantes<\/a>, \u00e0 l\u2019occasion du Serbotel\u2009: le salon des professionnels des m\u00e9tiers de bouche, de la boulangerie-p\u00e2tisserie, de l\u2019h\u00f4tellerie et de la restauration. <strong>L\u2019\u00e9quipe de France\u2009<\/strong>; compos\u00e9e de\u2009: <a href=\"https:\/\/actu.fr\/pays-de-la-loire\/nozay_44113\/loire-atlantique-ils-ont-remporte-la-coupe-de-france-de-boulangerie_62448698.html\" rel=\"nofollow noopener\" target=\"_blank\">Erwann Guillois et Simon Lebert, boulangers de la Minoterie Bourseau, \u00e0 Nozay<\/a>, et<a href=\"https:\/\/actu.fr\/pays-de-la-loire\/nantes_44109\/pres-de-nantes-boulanger-depuis-27-ans-il-a-remporte-la-coupe-de-france_62265909.html\" rel=\"nofollow noopener\" target=\"_blank\"> R\u00e9my Cloarec, artisan ind\u00e9pendant install\u00e9 \u00e0 Saint-Herblain<\/a>\u2009; a <strong>remport\u00e9 la 23e \u00e9dition du concours<\/strong>.<\/p>\n<p>    <a href=\"https:\/\/www.facebook.com\/plugins\/video.php?height=280&amp;href=https%3A%2F%2Fwww.facebook.com%2Freel%2F1238568724963142%2F&amp;show_text=false&amp;width=350&amp;t=0\" title=\"Ouvrie le lien\" rel=\"nofollow noopener\" target=\"_blank\">Cliquez ici pour visualiser le contenu<\/a><\/p>\n<p>Tour Eiffel<\/p>\n<p class=\" wall-content\">Chaque \u00e9quipe devait r\u00e9aliser\u2009: une pi\u00e8ce artistique, une corbeille de six vari\u00e9t\u00e9s de pains et un plateau de six sortes de viennoiseries de formes et de compositions diff\u00e9rentes. Le tout en sept heures (8\u00a0heures avec la mise en place).<\/p>\n<p class=\" wall-content\">L\u2019\u00e9quipe de France a propos\u00e9<strong> une sculpture en pain repr\u00e9sentant une femme portant une Tour Eiffel<\/strong>, sur son \u00e9paule, et un masque de bal, en r\u00e9f\u00e9rence au carnaval de Venise, th\u00e9matique de la 23e \u00e9dition de la coupe d\u2019Europe.<\/p>\n<p>    <img   decoding=\"async\" loading=\"lazy\" src=\"https:\/\/www.europesays.com\/fr\/wp-content\/uploads\/2025\/10\/tour-eiffel-coupe-deurope-de-boulangerie-960x640.png\" alt=\"La sculpture artisanale propos\u00e9e par l'\u00e9quipe de France de boulangerie. \" width=\"960\" height=\"640\"\/><br \/>\n    La sculpture artisanale propos\u00e9e par l\u2019\u00e9quipe de France de boulangerie. (\u00a9Facebook \/ Conf\u00e9d\u00e9ration Nationale de la Boulangerie P\u00e2tisserie Fran\u00e7aise CNBPF)<\/p>\n<p class=\" wall-content\">Le trio lig\u00e9rien s\u2019\u00e9tait d\u00e9j\u00e0 distingu\u00e9 en janvier dernier en remportant la coupe de France.<\/p>\n<p class=\" wall-content\">Personnalisez votre actualit\u00e9 en ajoutant vos villes et m\u00e9dias en favori avec <a href=\"https:\/\/moncompte.actu.fr\" title=\"D\u00e9couvez Mon Actu\" rel=\"nofollow noopener\" data-trk=\"{&quot;cta&quot;:{&quot;action&quot;:&quot;https:\\\/\\\/moncompte.actu.fr&quot;,&quot;category&quot;:&quot;mon compte&quot;,&quot;from&quot;:&quot;article footer&quot;,&quot;name&quot;:&quot;Mon actu&quot;,&quot;type&quot;:&quot;cta&quot;}}\" target=\"_blank\">Mon Actu<\/a>.<\/p>\n","protected":false},"excerpt":{"rendered":"Par Thomas Bernard Publi\u00e9 le 21 oct. 2025 \u00e0 10h44 Ils ont ramen\u00e9 la coupe \u00e0 la maison.&hellip;\n","protected":false},"author":2,"featured_media":479060,"comment_status":"","ping_status":"","sticky":false,"template":"","format":"standard","meta":{"footnotes":""},"categories":[1586],"tags":[11,1477,1777,674,1011,27,12,25,104],"class_list":{"0":"post-479059","1":"post","2":"type-post","3":"status-publish","4":"format-standard","5":"has-post-thumbnail","7":"category-europe","8":"tag-actualites","9":"tag-artisanat","10":"tag-eu","11":"tag-europe","12":"tag-fr","13":"tag-france","14":"tag-news","15":"tag-republique-francaise","16":"tag-societe"},"share_on_mastodon":{"url":"https:\/\/pubeurope.com\/@fr\/115411283668665239","error":""},"_links":{"self":[{"href":"https:\/\/www.europesays.com\/fr\/wp-json\/wp\/v2\/posts\/479059","targetHints":{"allow":["GET"]}}],"collection":[{"href":"https:\/\/www.europesays.com\/fr\/wp-json\/wp\/v2\/posts"}],"about":[{"href":"https:\/\/www.europesays.com\/fr\/wp-json\/wp\/v2\/types\/post"}],"author":[{"embeddable":true,"href":"https:\/\/www.europesays.com\/fr\/wp-json\/wp\/v2\/users\/2"}],"replies":[{"embeddable":true,"href":"https:\/\/www.europesays.com\/fr\/wp-json\/wp\/v2\/comments?post=479059"}],"version-history":[{"count":0,"href":"https:\/\/www.europesays.com\/fr\/wp-json\/wp\/v2\/posts\/479059\/revisions"}],"wp:featuredmedia":[{"embeddable":true,"href":"https:\/\/www.europesays.com\/fr\/wp-json\/wp\/v2\/media\/479060"}],"wp:attachment":[{"href":"https:\/\/www.europesays.com\/fr\/wp-json\/wp\/v2\/media?parent=479059"}],"wp:term":[{"taxonomy":"category","embeddable":true,"href":"https:\/\/www.europesays.com\/fr\/wp-json\/wp\/v2\/categories?post=479059"},{"taxonomy":"post_tag","embeddable":true,"href":"https:\/\/www.europesays.com\/fr\/wp-json\/wp\/v2\/tags?post=479059"}],"curies":[{"name":"wp","href":"https:\/\/api.w.org\/{rel}","templated":true}]}}