{"id":479063,"date":"2025-10-21T08:47:11","date_gmt":"2025-10-21T08:47:11","guid":{"rendered":"https:\/\/www.europesays.com\/fr\/479063\/"},"modified":"2025-10-21T08:47:11","modified_gmt":"2025-10-21T08:47:11","slug":"en-direct-nicolas-sarkozy-incarcere-lex-chef-de-letat-a-depose-une-demande-de-mise-en-liberte","status":"publish","type":"post","link":"https:\/\/www.europesays.com\/fr\/479063\/","title":{"rendered":"EN DIRECT &#8211; Nicolas Sarkozy incarc\u00e9r\u00e9 : l&rsquo;ex-chef de l&rsquo;\u00c9tat a d\u00e9pos\u00e9 une demande de mise en libert\u00e9"},"content":{"rendered":"<p>      Nicolas Sarkozy a d\u00e9pos\u00e9 une demande de remise en libert\u00e9<\/p>\n<p class=\"badge badge-epingle\">\n          Alerte\n        <\/p>\n<p>L&rsquo;ancien pr\u00e9sident Nicolas Sarkozy a d\u00e9pos\u00e9 une demande de mise en libert\u00e9, par l&rsquo;interm\u00e9diaire de ses avocats, imm\u00e9diatement apr\u00e8s son incarc\u00e9ration mardi, a annonc\u00e9 \u00e0 la presse son conseil Christophe Ingrain.&#13;<\/p>\n<p>Son placement sous \u00e9crou est \u00ab\u00a0une honte\u00a0\u00bb, a ajout\u00e9 l&rsquo;avocat. Il s&rsquo;exprimait devant la prison parisienne de la Sant\u00e9, o\u00f9 l&rsquo;ex-chef de l&rsquo;\u00c9tat a \u00e9t\u00e9 incarc\u00e9r\u00e9, pr\u00e8s d&rsquo;un mois apr\u00e8s sa condamnation \u00e0 cinq ans de prison pour association de malfaiteurs dans le proc\u00e8s libyen, une d\u00e9tention in\u00e9dite dans l&rsquo;histoire de la R\u00e9publique.&#13;<\/p>\n<p>Partager<\/p>\n","protected":false},"excerpt":{"rendered":"Nicolas Sarkozy a d\u00e9pos\u00e9 une demande de remise en libert\u00e9 Alerte L&rsquo;ancien pr\u00e9sident Nicolas Sarkozy a d\u00e9pos\u00e9 une&hellip;\n","protected":false},"author":2,"featured_media":479064,"comment_status":"","ping_status":"","sticky":false,"template":"","format":"standard","meta":{"footnotes":""},"categories":[2],"tags":[11,107,1011,27,303,12,3091,316,899,25],"class_list":{"0":"post-479063","1":"post","2":"type-post","3":"status-publish","4":"format-standard","5":"has-post-thumbnail","7":"category-actualites","8":"tag-actualites","9":"tag-fil-info","10":"tag-fr","11":"tag-france","12":"tag-justice","13":"tag-news","14":"tag-nicolas-sarkozy","15":"tag-politique","16":"tag-prisons","17":"tag-republique-francaise"},"share_on_mastodon":{"url":"https:\/\/pubeurope.com\/@fr\/115411290995736174","error":""},"_links":{"self":[{"href":"https:\/\/www.europesays.com\/fr\/wp-json\/wp\/v2\/posts\/479063","targetHints":{"allow":["GET"]}}],"collection":[{"href":"https:\/\/www.europesays.com\/fr\/wp-json\/wp\/v2\/posts"}],"about":[{"href":"https:\/\/www.europesays.com\/fr\/wp-json\/wp\/v2\/types\/post"}],"author":[{"embeddable":true,"href":"https:\/\/www.europesays.com\/fr\/wp-json\/wp\/v2\/users\/2"}],"replies":[{"embeddable":true,"href":"https:\/\/www.europesays.com\/fr\/wp-json\/wp\/v2\/comments?post=479063"}],"version-history":[{"count":0,"href":"https:\/\/www.europesays.com\/fr\/wp-json\/wp\/v2\/posts\/479063\/revisions"}],"wp:featuredmedia":[{"embeddable":true,"href":"https:\/\/www.europesays.com\/fr\/wp-json\/wp\/v2\/media\/479064"}],"wp:attachment":[{"href":"https:\/\/www.europesays.com\/fr\/wp-json\/wp\/v2\/media?parent=479063"}],"wp:term":[{"taxonomy":"category","embeddable":true,"href":"https:\/\/www.europesays.com\/fr\/wp-json\/wp\/v2\/categories?post=479063"},{"taxonomy":"post_tag","embeddable":true,"href":"https:\/\/www.europesays.com\/fr\/wp-json\/wp\/v2\/tags?post=479063"}],"curies":[{"name":"wp","href":"https:\/\/api.w.org\/{rel}","templated":true}]}}