{"id":479071,"date":"2025-10-21T08:52:14","date_gmt":"2025-10-21T08:52:14","guid":{"rendered":"https:\/\/www.europesays.com\/fr\/479071\/"},"modified":"2025-10-21T08:52:14","modified_gmt":"2025-10-21T08:52:14","slug":"entretien-spacers-volley-on-aura-besoin-de-tout-et-de-tout-le-monde-predit-patrick-duflos-lentraineur-de-toulouse-alors-que-la-saison-souvre-ce-mardi","status":"publish","type":"post","link":"https:\/\/www.europesays.com\/fr\/479071\/","title":{"rendered":"ENTRETIEN. Spacer\u2019s Volley\u00a0: \u00ab\u00a0On aura besoin de tout et de tout le monde\u00a0\u00bb pr\u00e9dit Patrick Duflos, l\u2019entra\u00eeneur de Toulouse, alors que la saison s\u2019ouvre ce mardi"},"content":{"rendered":"<p>\n                                                                    l&rsquo;essentiel<br \/>\n                                                                Apr\u00e8s une longue pr\u00e9paration, les Spacer\u2019s Toulouse ont rendez-vous mardi soir 21\u00a0octobre \u00e0 Narbonne (20h) pour le coup d\u2019envoi du championnat SpikeLigue (D1). \u00c2g\u00e9 de 59 ans, l\u2019entra\u00eeneur Patrick Duflos s\u2019est confi\u00e9 \u00e0 La D\u00e9p\u00eache sur la saison \u00e0 venir \u2013 entre r\u00e9alisme et ambitions.\n                            <\/p>\n<p><strong>Patrick, \u00e0 quelques heures du d\u00e9but de la saison certains observateurs estiment votre \u00e9quipe moins bonne que celle de la saison derni\u00e8re\u00a0: \u00eates-vous d\u2019accord avec ce jugement\u00a0?<\/strong><br \/>Moins bonne\u00a0? Je ne sais pas. On verra (il sourit). Vous savez, la saison pass\u00e9e \u00e0 la m\u00eame \u00e9poque nous n\u2019avions pas trop de certitudes non plus. On ne savait pas que nos jeunes [son fils Noa Duflos-Rossi (18 ans) et Nathan Feral (21 ans), ndlr] allaient exploser comme \u00e7a. Disons que l\u2019on a une \u00e9quipe diff\u00e9rente, avec peut-\u00eatre un peu moins de talent individuel mais plus de physique. On a de vrais gabarits et de ce c\u00f4t\u00e9-l\u00e0 on est bien arm\u00e9s. On va mettre de la pression au bloc. On aura un style de jeu peut-\u00eatre diff\u00e9rent mais pour le moment rien ne nous permet d\u2019affirmer que l\u2019on sera moins bons ou meilleurs qu\u2019il y a un an.<\/p>\n<p>        <img decoding=\"async\" class=\"std-img__img responsive-img\" src=\"https:\/\/www.europesays.com\/fr\/wp-content\/uploads\/2025\/10\/1761036734_452_image.jpg\" alt=\"Duflos, qui attaque sa quatri\u00e8me saison comme coach des Spacer\u2019s, esp\u00e8re que son \u00e9quipe &quot;pourra se m\u00ealer \u00e0 la lutte&quot;.\"\/><\/p>\n<p>                Duflos, qui attaque sa quatri\u00e8me saison comme coach des Spacer\u2019s, esp\u00e8re que son \u00e9quipe \u00ab\u00a0pourra se m\u00ealer \u00e0 la lutte\u00a0\u00bb.<br \/>\n                                    DDM &#8211; FR\u00c9D\u00c9RIC CHARMEUX<\/p>\n<p><strong>Sur quels points forts comptez-vous insister pour que votre \u00e9quipe puisse tirer son \u00e9pingle du jeu\u00a0?<\/strong><br \/>On a essay\u00e9 de recruter des joueurs qui cochent nos cases et nos valeurs. On sait que l\u2019on va avoir besoin de tout et de tout le monde. C\u2019est notre marque de fabrique. On n\u2019a pas la meilleure \u00e9quipe ni les meilleurs joueurs, \u00e7a c\u2019est une \u00e9vidence. Il va falloir retrouver cet \u00e9tat d\u2019esprit qui nous a fait faire de belles choses les deux derni\u00e8res saisons. Ou tu as des stars et tu gagnes comme \u00e7a, ou tu cr\u00e9es une \u00e9quipe, une ambiance, et nous c\u2019est ce que l\u2019on doit faire. On en a parl\u00e9 aux nouveaux en leur inculquant cette fa\u00e7on d\u2019exister. De toute fa\u00e7on, on n\u2019a pas les moyens de faire autrement.<\/p>\n<p class=\"std-elt__inline\">\n        <strong>\u00c0 lire aussi :<\/strong><br \/>\n        <a href=\"https:\/\/www.ladepeche.fr\/2025\/10\/13\/spike-ligue-les-spacers-sont-fin-prets-pour-aborder-le-championnat-12989931.php\" rel=\"nofollow noopener\" target=\"_blank\">Spike Ligue\u00a0: les Spacer\u2019s sont fin pr\u00eats pour aborder le championnat<\/a>\n    <\/p>\n<p><strong>Si vous aviez les moyens, justement, vous auriez sans doute conserv\u00e9 vos deux jeunes p\u00e9pites. N\u2019est-ce pas frustrant de les voir partir si vite\u00a0?<\/strong><br \/>Bien s\u00fbr. Cela arrive un peu t\u00f4t car on n\u2019a pas pu tirer les b\u00e9n\u00e9fices du risque pris la saison derni\u00e8re en les exposant comme on l\u2019a fait. Mais c\u2019est le jeu. On sait tr\u00e8s bien que l\u2019on ne peut pas rivaliser avec les grosses \u00e9curies europ\u00e9ennes ni les priver de cette opportunit\u00e9. Notre fiert\u00e9 c\u2019est de les voir partir pour deux grosses \u00e9quipes d\u2019un des meilleurs championnats du monde (Italie\/Feral \u00e0 Cuneo, Duflos-Rossi \u00e0 la Lube). On travaille aussi pour \u00e7a.<\/p>\n<p class=\"std-elt__inline\">\n        <strong>\u00c0 lire aussi :<\/strong><br \/>\n        <a href=\"https:\/\/www.ladepeche.fr\/2025\/10\/16\/spacers-toulouse-on-a-tous-la-dalle-lance-thomas-gill-a-cinq-jours-de-la-reprise-de-la-spike-ligue-12994442.php\" rel=\"nofollow noopener\" target=\"_blank\">Spacer\u2019s Toulouse\u00a0: \u00ab\u00a0On a tous la dalle\u00a0!\u00a0\u00bb, lance Thomas Gill, \u00e0 cinq jours de la reprise de la Spike Ligue<\/a>\n    <\/p>\n<p><strong>On conna\u00eet l\u2019importance du pointu au volley\u00a0: vous avez confi\u00e9 cette responsabilit\u00e9 \u00e0 Timo Beriot qui n\u2019a quasiment jamais \u00e9volu\u00e9 \u00e0 ce poste auparavant. Un vrai pari\u00a0?<\/strong><br \/>Oui. C\u2019est ce que l\u2019on a fait sur tous les postes en m\u00eame temps\u00a0: des joueurs qui demandent confirmation (Tibo Rippert, Wilson Silva), des revanchards (Pierre Derouillon), des jeunes (Th\u00e9o Martzluff, Jules Duthoit). Timo n\u2019a jou\u00e9 que deux mois \u00e0 ce poste mais c\u2019est une option dans laquelle on croit. Tant mieux si \u00e7a marche (il sourit).<\/p>\n<p class=\"std-elt__inline\">\n        <strong>\u00c0 lire aussi :<\/strong><br \/>\n        <a href=\"https:\/\/www.ladepeche.fr\/2025\/09\/11\/volley-ball-ca-bosse-tres-dur-chez-les-spacers-12923703.php\" rel=\"nofollow noopener\" target=\"_blank\">Volley-ball : \u00e7a bosse (tr\u00e8s) dur chez les Spacer\u2019s !<\/a>\n    <\/p>\n<p><strong>Deux qualifications successives en play-off, cela donne forc\u00e9ment envie d\u2019y revenir. Est-ce l\u2019objectif cette saison encore\u00a0?<\/strong><br \/>C\u2019est impossible de donner nos objectifs aujourd\u2019hui. Je ne peux pas du tout vous dire ce que l\u2019on sera capable de faire et c\u2019est encore plus vrai pour les autres (sourire). C\u2019est un championnat tr\u00e8s dense et sur le papier je ne vois pas d\u2019\u00e9quipe en dedans. Cela va \u00eatre une belle bagarre tous les week-ends et j\u2019esp\u00e8re que l\u2019on pourra se m\u00ealer \u00e0 la lutte.<\/p>\n<p class=\"std-elt__inline\">\n        <strong>\u00c0 lire aussi :<\/strong><br \/>\n        <a href=\"https:\/\/www.ladepeche.fr\/2025\/08\/20\/spacers-toulouse-neuf-semaines-pour-saguerrir-12885579.php\" rel=\"nofollow noopener\" target=\"_blank\">Spacer\u2019s Toulouse\u00a0: neuf semaines pour s\u2019aguerrir\u00a0!<\/a>\n    <\/p>\n<p><strong>Vous entamez votre quatri\u00e8me saison \u00e0 Toulouse. Quel regard portez-vous sur l\u2019\u00e9volution du club depuis votre arriv\u00e9e\u00a0?<\/strong><br \/>Je trouve que l\u2019on a bien \u00e9volu\u00e9 sur tout ce qui touche au sportif. On a un bon staff, on bosse bien et on a d\u2019excellentes conditions de travail. On a une belle salle avec un public tr\u00e8s pr\u00e9sent. L\u00e0 o\u00f9 \u00e7a p\u00e8che un peu toujours c\u2019est financi\u00e8rement, m\u00eame si on sent un fr\u00e9missement avec l\u2019arriv\u00e9e d\u2019\u00c9ric (NDLR\u00a0: Maugard, le nouveau co-pr\u00e9sident des Spacer\u2019s avec Didier Conjeaud). J\u2019esp\u00e8re que cela va se confirmer.<\/p>\n<p class=\"std-elt__inline\">\n        <strong>\u00c0 lire aussi :<\/strong><br \/>\n        <a href=\"https:\/\/www.ladepeche.fr\/2025\/08\/21\/spacers-volley-un-vrai-defi-personnel-confie-pierre-derouillon-au-sujet-de-son-retour-a-toulouse-12885587.php\" rel=\"nofollow noopener\" target=\"_blank\">Spacer\u2019s volley\u00a0: \u00ab\u00a0Un vrai d\u00e9fi personnel\u00a0\u00bb, confie Pierre Derouillon au sujet de son retour \u00e0 Toulouse<\/a>\n    <\/p>\n<p><strong>Un petit pronostic pour finir\u00a0: quel est selon vous le favori pour le titre cette saison\u00a0?<\/strong><br \/>Montpellier ressemble \u00e0 l\u2019ogre du championnat. Il a doubl\u00e9 tous les postes et para\u00eet un peu au-dessus. Il faudra compter sur Tours et Tourcoing sans doute aussi.<\/p>\n<p>    Des play-off new look<\/p>\n<p>Les places en play-off habituellement promises aux huit premiers seront cette saison attribu\u00e9es en deux temps\u00a0: les six premiers seront directement qualifi\u00e9s pour les quart de finale tandis que le 7e recevra le 10e et le 8e le 9e (sur le format aller-retour avec golden set en cas d\u2019\u00e9galit\u00e9) pour l\u2019obtention deux derniers billets. \u00ab\u00a0Cela donne plus de chances aux uns et aux autres, \u00e0 voir, mais sur le principe cela semble int\u00e9ressant\u00a0\u00bb estime Duflos \u00e0 ce sujet.<\/p>\n","protected":false},"excerpt":{"rendered":"l&rsquo;essentiel Apr\u00e8s une longue pr\u00e9paration, les Spacer\u2019s Toulouse ont rendez-vous mardi soir 21\u00a0octobre \u00e0 Narbonne (20h) pour le&hellip;\n","protected":false},"author":2,"featured_media":479072,"comment_status":"","ping_status":"","sticky":false,"template":"","format":"standard","meta":{"footnotes":""},"categories":[1417],"tags":[1011,27,60,1470,1469],"class_list":{"0":"post-479071","1":"post","2":"type-post","3":"status-publish","4":"format-standard","5":"has-post-thumbnail","7":"category-volley","8":"tag-fr","9":"tag-france","10":"tag-sports","11":"tag-volley","12":"tag-volleyball"},"share_on_mastodon":{"url":"https:\/\/pubeurope.com\/@fr\/115411310609451785","error":""},"_links":{"self":[{"href":"https:\/\/www.europesays.com\/fr\/wp-json\/wp\/v2\/posts\/479071","targetHints":{"allow":["GET"]}}],"collection":[{"href":"https:\/\/www.europesays.com\/fr\/wp-json\/wp\/v2\/posts"}],"about":[{"href":"https:\/\/www.europesays.com\/fr\/wp-json\/wp\/v2\/types\/post"}],"author":[{"embeddable":true,"href":"https:\/\/www.europesays.com\/fr\/wp-json\/wp\/v2\/users\/2"}],"replies":[{"embeddable":true,"href":"https:\/\/www.europesays.com\/fr\/wp-json\/wp\/v2\/comments?post=479071"}],"version-history":[{"count":0,"href":"https:\/\/www.europesays.com\/fr\/wp-json\/wp\/v2\/posts\/479071\/revisions"}],"wp:featuredmedia":[{"embeddable":true,"href":"https:\/\/www.europesays.com\/fr\/wp-json\/wp\/v2\/media\/479072"}],"wp:attachment":[{"href":"https:\/\/www.europesays.com\/fr\/wp-json\/wp\/v2\/media?parent=479071"}],"wp:term":[{"taxonomy":"category","embeddable":true,"href":"https:\/\/www.europesays.com\/fr\/wp-json\/wp\/v2\/categories?post=479071"},{"taxonomy":"post_tag","embeddable":true,"href":"https:\/\/www.europesays.com\/fr\/wp-json\/wp\/v2\/tags?post=479071"}],"curies":[{"name":"wp","href":"https:\/\/api.w.org\/{rel}","templated":true}]}}