{"id":479075,"date":"2025-10-21T08:54:10","date_gmt":"2025-10-21T08:54:10","guid":{"rendered":"https:\/\/www.europesays.com\/fr\/479075\/"},"modified":"2025-10-21T08:54:10","modified_gmt":"2025-10-21T08:54:10","slug":"raphael-collignon-arthur-rinderknech-atp-500-bale-premier-tour-mardi-21-octobre-2025-lequipe","status":"publish","type":"post","link":"https:\/\/www.europesays.com\/fr\/479075\/","title":{"rendered":"Rapha\u00ebl Collignon &#8211; Arthur Rinderknech, ATP 500, B\u00e2le, Premier tour, Mardi 21 octobre 2025 &#8211; L&#039;\u00c9quipe"},"content":{"rendered":"<ol>\n<li><a href=\"https:\/\/news.google.com\/rss\/articles\/CBMizAFBVV95cUxNclQ3bFAtU1NmV0tzSGgySGNOTTlZeFlPQjBKSmJTQndZZU4yZ0o0bjVWYnA1SWdhN1NIazlHN3ZqVEZnTldla3I1REtOOFJmR2lKWEkyQUxNR2NBaDBMaXRLM3c2UF90NGUxVEhyWkpsMWI5U1FZSkl3ZnlLZ3l3MGE0Y19ZTi1rcVV6a3JJLTMtOEVEdGp2WVVVQy1Lc3M0TWVwYUJWb0xMdHFpYUFaWGlyRkxOVlhQWlZvYmFDbVBZVFNqWTBOYzd0bFE?oc=5\" target=\"_blank\" rel=\"nofollow noopener\">Rapha\u00ebl Collignon &#8211; Arthur Rinderknech, ATP 500, B\u00e2le, Premier tour, Mardi 21 octobre 2025<\/a>&nbsp;&nbsp;L&rsquo;\u00c9quipe<\/li>\n<li><a href=\"https:\/\/news.google.com\/rss\/articles\/CBMivwFBVV95cUxPSndISzZwV1dKeWFQdVFIQkRUZk05bEVMbEt1VTdPUUJNc2RQeFE0ck9pelJyXzhrQjUwQTl6aVZ3aDhncjJyTmdyTnJTTWVaMEZyUG1Md09iYjVIcHRwQmFNQk5NbUEzcVhaWncyMWxoRC0yQ2RjSzExaE5TX3otZ0t0WWFSN20tSXFWOEF1V3JkcHJvRU9fTmo0NFVab1lYZXVJUTIwSDNGNy10b1UtTTRBQ3VvOWp4WExrQU5pQQ?oc=5\" target=\"_blank\" rel=\"nofollow noopener\">R\u00e9sultat : Jie Cui &#8211; Yusuke Takahashi, Challenger, Suzhou, Premier tour, Mardi 21 octobre 2025<\/a>&nbsp;&nbsp;L&rsquo;\u00c9quipe<\/li>\n<li><a href=\"https:\/\/news.google.com\/rss\/articles\/CBMiywFBVV95cUxNT3pQRWxIUzJLbGpjN21xcGppblowanBnQThOakRLbnlQMld2TW42THQ0TjlYY0Ryd2ZLOXNKNGFSM2tzUlVVS3pISG1MNFBfUmFhaTVVZ2F2OVo4Q1YxTXdfQzJ2STE0Y2VtM3hEeEdlRUM3R29kdXZ3d005QUgtRDBDM3dBaXNoVzluZ05uQ0tWcFVDMGVFN1JGcjBMODE3NlFYckd0NjZzWjZRdl92NGRIRkZ3Sk1pTjdMT0stQVo2RHpFOUhvN0VrYw?oc=5\" target=\"_blank\" rel=\"nofollow noopener\">R\u00e9sultat : Jordan Thompson &#8211; Michael Mmoh, Challenger, Sioux Falls, Premier tour, Mardi 21 octobre 2025<\/a>&nbsp;&nbsp;L&rsquo;\u00c9quipe<\/li>\n<li><a href=\"https:\/\/news.google.com\/rss\/articles\/CBMi2wFBVV95cUxQSk5VTzc2eUczM042OU9pbnBtYXBvQXVMa1hYQldzejNBUnRYVXFZby1LcDRPMkhYNkZFNDJ0NDNva2JQZ2VDOXlwWkM4TGJlc2QtYU9UblBjMFJWM0IwMGpRa1MyOXUxT2o2MC1XcFRfeGNXM2ZYSzN2QjFJRkNkMk9vNUlfTzliVFhCVGFTMDhXZ2VheXpFWVJNUDVzVW5SekhsUTdTRG0wNkVGRXFsdERTTVU5UHdvVU1uMzJGamxFa3EtRWNyQVBRSmFJU1FxZjRoUEFmalBUc2M?oc=5\" target=\"_blank\" rel=\"nofollow noopener\">R\u00e9sultat : Federico Agustin Gomez &#8211; Gustavo Heide, Challenger, Costa do Sauipe, Premier tour, Mardi 21 octobre 2025<\/a>&nbsp;&nbsp;L&rsquo;\u00c9quipe<\/li>\n<li><a href=\"https:\/\/news.google.com\/rss\/articles\/CBMixwFBVV95cUxONUstd1MyeS0wc29sTzdkNUFRMTJFN2QzSlVNZ2dSSDg1cWtPMWhBaDE1WU8xdGU0UTAyS0kyMFFmajlKNXBld0JlNURGMVJjdGRiVFBRR0FFRWl6S243TW5obVV1MV9XZ1dYZGFUVDJ6akV1d29Cd203ZTRVR3ZlUm0xMlhnUGdVOGo0eWJ3bnBGemNLS0JkUm9tN0I4VkJfekl0R243QTV1R1M1NzFtRWJzZm9TNUtjMUVreTNTY1hMMGdtQ2lr?oc=5\" target=\"_blank\" rel=\"nofollow noopener\">R\u00e9sultat : Alina Korneeva &#8211; Yulia Putintseva, WTA 250, Guangzhou, Premier tour, Mardi 21 octobre 2025<\/a>&nbsp;&nbsp;L&rsquo;\u00c9quipe<\/li>\n<\/ol>\n","protected":false},"excerpt":{"rendered":"Rapha\u00ebl Collignon &#8211; Arthur Rinderknech, ATP 500, B\u00e2le, Premier tour, Mardi 21 octobre 2025&nbsp;&nbsp;L&rsquo;\u00c9quipe R\u00e9sultat : Jie Cui&hellip;\n","protected":false},"author":2,"featured_media":1983,"comment_status":"","ping_status":"","sticky":false,"template":"","format":"standard","meta":{"footnotes":""},"categories":[1415],"tags":[1011,27,60,1467],"class_list":{"0":"post-479075","1":"post","2":"type-post","3":"status-publish","4":"format-standard","5":"has-post-thumbnail","7":"category-tennis","8":"tag-fr","9":"tag-france","10":"tag-sports","11":"tag-tennis"},"share_on_mastodon":{"url":"https:\/\/pubeurope.com\/@fr\/115411318411353530","error":""},"_links":{"self":[{"href":"https:\/\/www.europesays.com\/fr\/wp-json\/wp\/v2\/posts\/479075","targetHints":{"allow":["GET"]}}],"collection":[{"href":"https:\/\/www.europesays.com\/fr\/wp-json\/wp\/v2\/posts"}],"about":[{"href":"https:\/\/www.europesays.com\/fr\/wp-json\/wp\/v2\/types\/post"}],"author":[{"embeddable":true,"href":"https:\/\/www.europesays.com\/fr\/wp-json\/wp\/v2\/users\/2"}],"replies":[{"embeddable":true,"href":"https:\/\/www.europesays.com\/fr\/wp-json\/wp\/v2\/comments?post=479075"}],"version-history":[{"count":0,"href":"https:\/\/www.europesays.com\/fr\/wp-json\/wp\/v2\/posts\/479075\/revisions"}],"wp:featuredmedia":[{"embeddable":true,"href":"https:\/\/www.europesays.com\/fr\/wp-json\/wp\/v2\/media\/1983"}],"wp:attachment":[{"href":"https:\/\/www.europesays.com\/fr\/wp-json\/wp\/v2\/media?parent=479075"}],"wp:term":[{"taxonomy":"category","embeddable":true,"href":"https:\/\/www.europesays.com\/fr\/wp-json\/wp\/v2\/categories?post=479075"},{"taxonomy":"post_tag","embeddable":true,"href":"https:\/\/www.europesays.com\/fr\/wp-json\/wp\/v2\/tags?post=479075"}],"curies":[{"name":"wp","href":"https:\/\/api.w.org\/{rel}","templated":true}]}}