{"id":479076,"date":"2025-10-21T08:56:11","date_gmt":"2025-10-21T08:56:11","guid":{"rendered":"https:\/\/www.europesays.com\/fr\/479076\/"},"modified":"2025-10-21T08:56:11","modified_gmt":"2025-10-21T08:56:11","slug":"une-5e-yamaha-en-malaisie-et-a-valence-pour-accelerer-le-developpement","status":"publish","type":"post","link":"https:\/\/www.europesays.com\/fr\/479076\/","title":{"rendered":"Une 5e Yamaha en Malaisie et \u00e0 Valence pour acc\u00e9l\u00e9rer le d\u00e9veloppement"},"content":{"rendered":"<p>\u00c0 un mois de la conclusion du championnat, Yamaha aura cinq motos en course lors du Grand Prix de Malaisie, au programme cette semaine \u00e0 Sepang. Pour cette 20e des 22 manches que compte la saison, <a href=\"https:\/\/fr.motorsport.com\/driver\/augusto-fernandez\/452210\/\" target=\"_blank\" rel=\"noopener nofollow\">Augusto Fern\u00e1ndez<\/a> est rappel\u00e9 aux affaires afin de continuer \u00e0 faire avancer le programme du V4 d\u00e9velopp\u00e9 par le constructeur japonais. Il s&rsquo;ajoutera aux titulaires habituels que sont <a href=\"https:\/\/fr.motorsport.com\/driver\/fabio-quartararo\/109400\/\" target=\"_blank\" rel=\"noopener nofollow\">Fabio Quartararo<\/a>, <a href=\"https:\/\/fr.motorsport.com\/driver\/alex-rins\/109402\/\" target=\"_blank\" rel=\"noopener nofollow\">\u00c1lex Rins<\/a>, <a href=\"https:\/\/fr.motorsport.com\/driver\/jack-miller\/96423\/\" target=\"_blank\" rel=\"noopener nofollow\">Jack Miller<\/a> et <a href=\"https:\/\/fr.motorsport.com\/driver\/miguel-oliveira\/109382\/\" target=\"_blank\" rel=\"noopener nofollow\">Miguel Oliveira<\/a>.<\/p>\n<p>Le pilote essayeur a d\u00e9j\u00e0 pris part \u00e0 six courses cette ann\u00e9e. Par trois fois en d\u00e9but de championnat, il a d&rsquo;abord remplac\u00e9 Oliveira, bless\u00e9, dans le team Pramac. Puis on l&rsquo;a revu en tant que wild-card aux GP d&rsquo;Arag\u00f3n, de R\u00e9publique tch\u00e8que et de Saint-Marin, entour\u00e9 par l&rsquo;\u00e9quipe d&rsquo;essais du constructeur, emmen\u00e9e par l&rsquo;ing\u00e9nieur Silvano Galbusera.<\/p>\n<p>Yamaha, qui se trouve dans la derni\u00e8re cat\u00e9gorie servant \u00e0 \u00e9tablir le niveau de <a href=\"https:\/\/fr.motorsport.com\/motogp\/news\/concessions-motogp-differences-constructeurs-reglement\/10692129\/\" target=\"_self\" rel=\"noopener nofollow\">concessions<\/a> des diff\u00e9rentes marques, a droit \u00e0 six inscriptions de ce type au cours de la saison. Celle-ci sera donc la quatri\u00e8me, et une autre suivra lors du dernier Grand Prix de la saison, \u00e0 Valence du 14 au 16 novembre, permettant \u00e0 Iwata d&rsquo;intensifier ses \u00e9valuations dans ce qui est per\u00e7u comme un test grandeur nature.<\/p>\n<p>Le calendrier s&rsquo;acc\u00e9l\u00e8re en effet, puisque le <a href=\"https:\/\/fr.motorsport.com\/motogp\/news\/motogp-officialise-dates-essais-hivernaux-2026\/10766165\/\" target=\"_self\" rel=\"noopener nofollow\">premier test de l&rsquo;intersaison<\/a> aura lieu le 18 novembre \u00e0 Valence. Avec lui s&rsquo;ouvrira la pr\u00e9paration d&rsquo;une saison qui devrait marquer un changement majeur pour Yamaha avec l&rsquo;adoption attendue d&rsquo;un moteur V4 en lieu et place du quatre cylindres en ligne auquel le constructeur est rest\u00e9 jusqu&rsquo;ici fermement fid\u00e8le.<\/p>\n<p>D&rsquo;ici-l\u00e0, un autre rendez-vous d&rsquo;importance se profile\u00a0:\u00a0un ultime grand test de deux jours, cal\u00e9 pour les 9 et 10 novembre sur le MotorLand Arag\u00f3n. Outre la pr\u00e9sence tr\u00e8s attendue de <a href=\"https:\/\/fr.motorsport.com\/driver\/toprak-razgatlioglu\/178502\/\" rel=\"nofollow noopener\" target=\"_blank\">Toprak Razgatlioglu<\/a>, nouvellement sacr\u00e9 en WorldSBK et d\u00e9sormais pr\u00eat \u00e0 rejoindre le MotoGP, ce rendez-vous doit servir au shakedown des quatre motos \u00e9quip\u00e9es du V4 et destin\u00e9es aux titulaires pour le test de Valence, une \u00e9valuation qui sera encore une fois men\u00e9e par Fern\u00e1ndez.<\/p>\n<p>Lire aussi :<\/p>\n<p>La wild-card du pilote essayeur cette semaine s&rsquo;ajoute au programme alors que cet engagement n&rsquo;\u00e9tait initialement pas pr\u00e9vu. De toute \u00e9vidence, Yamaha travaille d&rsquo;arrache-pied pour d\u00e9velopper cette moto totalement nouvelle et faire en sorte qu&rsquo;elle permette les progr\u00e8s attendus, n\u00e9cessaires pour convaincre Fabio Quartararo de prolonger son contrat.<\/p>\n<p>La liste des inscrits pour le GP de Malaisie compte aussi d&rsquo;autres noms de pilotes essayeurs, mais cette fois en remplacement des bless\u00e9s\u00a0:\u00a0<a href=\"https:\/\/fr.motorsport.com\/driver\/michele-pirro\/86845\/\" target=\"_blank\" rel=\"noopener nofollow\">Michele Pirro<\/a> courra \u00e0 nouveau pour Ducati \u00e0 la place de <a href=\"https:\/\/fr.motorsport.com\/driver\/marc-marquez\/92646\/\" target=\"_blank\" rel=\"noopener nofollow\">Marc M\u00e1rquez<\/a>, <a href=\"https:\/\/fr.motorsport.com\/driver\/lorenzo-savadori\/408147\/\" target=\"_blank\" rel=\"noopener nofollow\">Lorenzo Savadori<\/a> remplace <a href=\"https:\/\/fr.motorsport.com\/driver\/jorge-martin\/109391\/\" target=\"_blank\" rel=\"noopener nofollow\">Jorge Mart\u00edn<\/a> chez Aprilia et <a href=\"https:\/\/fr.motorsport.com\/driver\/pol-espargaro\/94345\/\" target=\"_blank\" rel=\"noopener nofollow\">Pol Espargar\u00f3<\/a> est align\u00e9 par Tech3 en l&rsquo;absence de <a href=\"https:\/\/fr.motorsport.com\/driver\/maverick-vinales\/96553\/\" target=\"_blank\" rel=\"noopener nofollow\">Maverick Vi\u00f1ales<\/a>.<\/p>\n<p style=\"text-align: right;\">Avec Germ\u00e1n Garcia Casanova<\/p>\n<p>            Votre avis nous int\u00e9resse !<\/p>\n<p class=\"mt-auto\">Qu&rsquo;aimeriez-vous voir sur Motorsport.com ?<\/p>\n<p>            <a href=\"#\" class=\"ms-link text-link font-bold\">R\u00e9pondez \u00e0 notre enqu\u00eate de 5 minutes.<\/a><\/p>\n<p class=\"mt-1 font-info text-body\">&#8211; L&rsquo;\u00e9quipe Motorsport.com<\/p>\n","protected":false},"excerpt":{"rendered":"\u00c0 un mois de la conclusion du championnat, Yamaha aura cinq motos en course lors du Grand Prix&hellip;\n","protected":false},"author":2,"featured_media":479077,"comment_status":"","ping_status":"","sticky":false,"template":"","format":"standard","meta":{"footnotes":""},"categories":[1413],"tags":[3595,1011,27,60123,1457,1456,1458,56789,60,60249,3796],"class_list":{"0":"post-479076","1":"post","2":"type-post","3":"status-publish","4":"format-standard","5":"has-post-thumbnail","7":"category-moto","8":"tag-augusto-fernu00e1ndez","9":"tag-fr","10":"tag-france","11":"tag-gp-de-malaisie","12":"tag-moto","13":"tag-motocycle","14":"tag-motogp","15":"tag-sepang-international-circuit","16":"tag-sports","17":"tag-une-5e-yamaha-en-malaisie-et-u00e0-valence-pour-accu00e9lu00e9rer-le-du00e9veloppement","18":"tag-yamaha-factory-racing"},"share_on_mastodon":{"url":"https:\/\/pubeurope.com\/@fr\/115411326323787933","error":""},"_links":{"self":[{"href":"https:\/\/www.europesays.com\/fr\/wp-json\/wp\/v2\/posts\/479076","targetHints":{"allow":["GET"]}}],"collection":[{"href":"https:\/\/www.europesays.com\/fr\/wp-json\/wp\/v2\/posts"}],"about":[{"href":"https:\/\/www.europesays.com\/fr\/wp-json\/wp\/v2\/types\/post"}],"author":[{"embeddable":true,"href":"https:\/\/www.europesays.com\/fr\/wp-json\/wp\/v2\/users\/2"}],"replies":[{"embeddable":true,"href":"https:\/\/www.europesays.com\/fr\/wp-json\/wp\/v2\/comments?post=479076"}],"version-history":[{"count":0,"href":"https:\/\/www.europesays.com\/fr\/wp-json\/wp\/v2\/posts\/479076\/revisions"}],"wp:featuredmedia":[{"embeddable":true,"href":"https:\/\/www.europesays.com\/fr\/wp-json\/wp\/v2\/media\/479077"}],"wp:attachment":[{"href":"https:\/\/www.europesays.com\/fr\/wp-json\/wp\/v2\/media?parent=479076"}],"wp:term":[{"taxonomy":"category","embeddable":true,"href":"https:\/\/www.europesays.com\/fr\/wp-json\/wp\/v2\/categories?post=479076"},{"taxonomy":"post_tag","embeddable":true,"href":"https:\/\/www.europesays.com\/fr\/wp-json\/wp\/v2\/tags?post=479076"}],"curies":[{"name":"wp","href":"https:\/\/api.w.org\/{rel}","templated":true}]}}