{"id":479084,"date":"2025-10-21T09:00:11","date_gmt":"2025-10-21T09:00:11","guid":{"rendered":"https:\/\/www.europesays.com\/fr\/479084\/"},"modified":"2025-10-21T09:00:11","modified_gmt":"2025-10-21T09:00:11","slug":"marc-olivier-fogiel-titille-eric-zemmour-sur-sa-compagne-sarah-knafo-en-plein-direct-il-ne-se-demonte-pas","status":"publish","type":"post","link":"https:\/\/www.europesays.com\/fr\/479084\/","title":{"rendered":"Marc-Olivier Fogiel titille Eric Zemmour sur sa compagne Sarah Knafo en plein direct, il ne se d\u00e9monte pas"},"content":{"rendered":"<p>Ce mardi 21 octobre 2025, <a href=\"https:\/\/www.closermag.fr\/politique\/tous-les-jours-les-confidences-inhabituelles-de-sarah-knafo-sur-son-couple-avec-eric-zemmour-3438105\" rel=\"nofollow noopener\" target=\"_blank\"><br \/>\n\u00c9ric Zemmour<\/a> \u00e9tait l\u2019invit\u00e9 de Marc-Olivier Fogiel sur les<br \/>\nondes de RTL. L\u2019entretien, centr\u00e9 sur son nouveau livre et sur sa<br \/>\nplace actuelle dans le paysage politique fran\u00e7ais, a rapidement<br \/>\npris <strong>une tournure plus personnelle<\/strong> lorsque<br \/>\nl\u2019animateur a \u00e9voqu\u00e9 le nom de <a href=\"https:\/\/www.closermag.fr\/politique\/desolee-de-le-dire-crument-mais-sarah-knafo-remontee-comme-un-coucou-face-a-apolline-de-malherbe-3581407\" rel=\"nofollow noopener\" target=\"_blank\"><br \/>\nSarah Knafo,<\/a> la compagne du pol\u00e9miste.<\/p>\n<p>Fid\u00e8le \u00e0 lui-m\u00eame, <a href=\"https:\/\/www.closermag.fr\/politique\/eric-zemmour-la-reaction-contrariee-de-sa-compagne-sarah-knafo-lorsqu-il-a-officialise-leur-relation-1578954\" rel=\"nofollow noopener\" target=\"_blank\"><br \/>\nl&rsquo;ancien \u00e9ditorialiste<\/a> n\u2019a pas perdu son sang-froid. Au cours<br \/>\nde l\u2019\u00e9change, Marc-Olivier Fogiel a d\u2019abord salu\u00e9 les succ\u00e8s<br \/>\nlitt\u00e9raires de son invit\u00e9 : \u201cCette fa\u00e7on de vous battre,<br \/>\naujourd\u2019hui, vous le faites dans un livre. C\u2019est l\u00e0 que vous avez<br \/>\nle plus de succ\u00e8s : vous avez vendu 1 500 000 livres en tout.<br \/>\nEst-ce qu\u2019aujourd\u2019hui, votre efficacit\u00e9 n\u2019est pas plut\u00f4t l\u00e0 que sur<br \/>\nle champ politique ? Et finalement, sur le champ politique,<br \/>\n<strong>Sarah Knafo, votre compagne<\/strong>, il faudrait lui<br \/>\nlaisser la place, \u00c9ric Zemmour ?\u201d.\u00a0<\/p>\n<p>Eric Zemmour n&rsquo;h\u00e9site pas \u00e0 r\u00e9pondre \u00e0 une question intime de<br \/>\nMarc-Olivier Fogiel<\/p>\n<p>Une remarque qui a aussit\u00f4t fait sourire <a href=\"https:\/\/www.closermag.fr\/politique\/eric-zemmour-quel-role-pour-sarah-knafo-a-l-elysee-s-il-est-elu-1511973\" rel=\"nofollow noopener\" target=\"_blank\"><br \/>\nle pr\u00e9sident de Reconqu\u00eate !<\/a>, qui a choisi la riposte avec<br \/>\nhumour et ironie. \u201c\u00c9coutez, c\u2019est formidable, je remarque qu\u2019il<br \/>\ny a un an, elle n\u2019\u00e9tait connue que des initi\u00e9s, et<br \/>\n<strong>aujourd\u2019hui, on l\u2019a d\u00e9j\u00e0 mise \u00e0 la<br \/>\npr\u00e9sidentielle\u201d<\/strong><strong>,<\/strong> a r\u00e9pliqu\u00e9 <a href=\"https:\/\/www.closermag.fr\/politique\/c-est-pas-plus-mal-la-reaction-discrete-et-surprenante-de-sarah-knafo-a-la-defaite-d-eric-zemmour-1550107\" rel=\"nofollow noopener\" target=\"_blank\"><br \/>\nl&rsquo;ancien candidat \u00e0 la pr\u00e9sidentielle<\/a>, visiblement amus\u00e9 par la<br \/>\npique de son interlocuteur.<\/p>\n<p><a href=\"https:\/\/www.closermag.fr\/people\/un-peu-bizarre-marc-olivier-fogiel-ne-prend-pas-de-gants-avec-laccusatrice-de-jean-imbert-lila-salet-3573625\" rel=\"nofollow noopener\" target=\"_blank\"><br \/>\nMarc-Olivier Fogiel<\/a> a ensuite rebondi sur son livre, qu\u2019il<br \/>\navoue ne pas avoir totalement compris : \u201cEst-ce que vous n\u2019\u00eates<br \/>\npas plus efficace dans ce livre, que j\u2019ai mal lu et auquel je n\u2019ai<br \/>\nrien compris ?\u201d. L\u2019ancien journaliste de CNews a alors d\u00e9fendu<br \/>\nla port\u00e9e id\u00e9ologique de son travail : \u201cVous savez, ce combat<br \/>\nculturel, m\u00e9tapolitique, est le combat politique par essence\u201d.<br \/>\nDepuis leur rencontre en 2019, <strong>Sarah Knafo et \u00c9ric<br \/>\nZemmour<\/strong> forment un duo ins\u00e9parable autant dans la vie<br \/>\npriv\u00e9e que dans la sph\u00e8re politique.<\/p>\n<p>Un couple politique ultra<br \/>\nm\u00e9diatis\u00e9<\/p>\n<p>\u00c9narque et magistrate \u00e0 la Cour des comptes, la jeune femme a<br \/>\njou\u00e9 un r\u00f4le cl\u00e9 dans la campagne pr\u00e9sidentielle de 2022, qu\u2019elle a<br \/>\ndirig\u00e9e d\u2019une main de fer. Longtemps d\u00e9crite comme sa<br \/>\n<strong>\u201cconseill\u00e8re de l\u2019ombre\u201d,<\/strong> Sarah Knafo est<br \/>\naujourd\u2019hui bien plus qu\u2019un soutien politique.<\/p>\n<p>C\u2019est elle qui a contribu\u00e9 \u00e0 fa\u00e7onner l\u2019image du candidat, \u00e0<br \/>\nstructurer le parti Reconqu\u00eate! et \u00e0 f\u00e9d\u00e9rer autour de lui une<br \/>\nnouvelle g\u00e9n\u00e9ration de militants. Leur relation, r\u00e9v\u00e9l\u00e9e \u00e0 la fin<br \/>\nde l\u2019ann\u00e9e 2021, avait suscit\u00e9 une importante couverture<br \/>\nm\u00e9diatique, notamment apr\u00e8s la <strong>publication de clich\u00e9s du<br \/>\ncouple en vacances.<\/strong> Depuis, les deux amoureux assument<br \/>\npleinement leur lien, m\u00eame s\u2019ils pr\u00e9f\u00e8rent rester discrets sur leur<br \/>\nvie personnelle.<\/p>\n","protected":false},"excerpt":{"rendered":"Ce mardi 21 octobre 2025, \u00c9ric Zemmour \u00e9tait l\u2019invit\u00e9 de Marc-Olivier Fogiel sur les ondes de RTL. L\u2019entretien,&hellip;\n","protected":false},"author":2,"featured_media":479085,"comment_status":"","ping_status":"","sticky":false,"template":"","format":"standard","meta":{"footnotes":""},"categories":[1359],"tags":[58,59,3220,1011,27,45887,973,15232],"class_list":{"0":"post-479084","1":"post","2":"type-post","3":"status-publish","4":"format-standard","5":"has-post-thumbnail","7":"category-people","8":"tag-divertissement","9":"tag-entertainment","10":"tag-eric-zemmour","11":"tag-fr","12":"tag-france","13":"tag-marc-olivier-fogiel","14":"tag-people","15":"tag-sarah-knafo"},"share_on_mastodon":{"url":"https:\/\/pubeurope.com\/@fr\/115411342053735415","error":""},"_links":{"self":[{"href":"https:\/\/www.europesays.com\/fr\/wp-json\/wp\/v2\/posts\/479084","targetHints":{"allow":["GET"]}}],"collection":[{"href":"https:\/\/www.europesays.com\/fr\/wp-json\/wp\/v2\/posts"}],"about":[{"href":"https:\/\/www.europesays.com\/fr\/wp-json\/wp\/v2\/types\/post"}],"author":[{"embeddable":true,"href":"https:\/\/www.europesays.com\/fr\/wp-json\/wp\/v2\/users\/2"}],"replies":[{"embeddable":true,"href":"https:\/\/www.europesays.com\/fr\/wp-json\/wp\/v2\/comments?post=479084"}],"version-history":[{"count":0,"href":"https:\/\/www.europesays.com\/fr\/wp-json\/wp\/v2\/posts\/479084\/revisions"}],"wp:featuredmedia":[{"embeddable":true,"href":"https:\/\/www.europesays.com\/fr\/wp-json\/wp\/v2\/media\/479085"}],"wp:attachment":[{"href":"https:\/\/www.europesays.com\/fr\/wp-json\/wp\/v2\/media?parent=479084"}],"wp:term":[{"taxonomy":"category","embeddable":true,"href":"https:\/\/www.europesays.com\/fr\/wp-json\/wp\/v2\/categories?post=479084"},{"taxonomy":"post_tag","embeddable":true,"href":"https:\/\/www.europesays.com\/fr\/wp-json\/wp\/v2\/tags?post=479084"}],"curies":[{"name":"wp","href":"https:\/\/api.w.org\/{rel}","templated":true}]}}