{"id":479086,"date":"2025-10-21T09:01:15","date_gmt":"2025-10-21T09:01:15","guid":{"rendered":"https:\/\/www.europesays.com\/fr\/479086\/"},"modified":"2025-10-21T09:01:15","modified_gmt":"2025-10-21T09:01:15","slug":"sarreguemines-la-sculpture-de-la-vierge-a-lenfant-de-fernand-olona-a-ete-benie","status":"publish","type":"post","link":"https:\/\/www.europesays.com\/fr\/479086\/","title":{"rendered":"Sarreguemines. La sculpture de la Vierge \u00e0 l\u2019enfant de Fernand Olona a \u00e9t\u00e9 b\u00e9nie"},"content":{"rendered":"<p>Dimanche 19\u00a0octobre, a eu lieu la b\u00e9n\u00e9diction de la Vierge \u00e0 l\u2019enfant, sculpt\u00e9e par Fernand Olona. La c\u00e9l\u00e9bration, assur\u00e9e par l\u2019archipr\u00eatre Sarjas, a \u00e9t\u00e9 accompagn\u00e9e par la chorale du Sacr\u00e9-C\u0153ur qui f\u00eate ses 100 ans. L\u2019occasion \u00e9galement pour la municipalit\u00e9 de rendre hommage au sculpteur.<\/p>\n<p>  \u0152uvre du patrimoine vivant<\/p>\n<p>Sur la place Jeanne-d\u2019Arc, les fid\u00e8les et les curieux \u00e9taient rassembl\u00e9s autour de ce moment solennel. \u00ab Fernand a vu dans le c\u00e8dre, destin\u00e9 \u00e0 \u00eatre abattu, une promesse de renaissance et de r\u00e9silience, a soulign\u00e9 le maire Marc Zingraff. Il a cr\u00e9\u00e9 une \u0153uvre contemporaine \u00e9pur\u00e9e et profond\u00e9ment spirituelle qui relie autant les hommes qu\u2019elle embellit les lieux\u00a0\u00bb. Et de pr\u00e9ciser \u00e0 l\u2019attention de l\u2019artiste\u00a0: \u00ab De par ta g\u00e9n\u00e9rosit\u00e9, tu as offert \u00e0 Sarreguemines une \u0153uvre qui fait partie de son patrimoine vivant\u00a0\u00bb. Le premier \u00e9dile a \u00e9galement remerci\u00e9 l\u2019archipr\u00eatre \u00ab pour sa pr\u00e9sence bienveillante et son accompagnement\u00a0\u00bb ainsi que l\u2019ensemble des choristes.<\/p>\n<p>  Une protection pour la ville<\/p>\n<p>Tr\u00e8s \u00e9mu, Fernand Olona a, en premier lieu, tenu \u00e0 d\u00e9dier la Vierge \u00e0 sa m\u00e8re, tr\u00e8s croyante. \u00ab Je la d\u00e9die aussi \u00e0 vous tous\u00a0\u00bb a-t-il ajout\u00e9. \u00ab Qu\u2019elle vous prot\u00e8ge ainsi que la ville, avec la force du symbole\u00a0\u00bb. L\u2019archipr\u00eatre Sarjas a souhait\u00e9 que \u00ab la Vierge soit source de joie et de paix face aux enjeux et pol\u00e9miques qui traversent la soci\u00e9t\u00e9\u00a0\u00bb. Il a b\u00e9ni la sculpture, en formulant le v\u0153u que tous ceux qui passent devant puissent y trouver amour.<\/p>\n","protected":false},"excerpt":{"rendered":"Dimanche 19\u00a0octobre, a eu lieu la b\u00e9n\u00e9diction de la Vierge \u00e0 l\u2019enfant, sculpt\u00e9e par Fernand Olona. La c\u00e9l\u00e9bration,&hellip;\n","protected":false},"author":2,"featured_media":479087,"comment_status":"","ping_status":"","sticky":false,"template":"","format":"standard","meta":{"footnotes":""},"categories":[1358],"tags":[1348,1384,1385,1386,58,6114,59,1011,27,5889,25411,25412,104],"class_list":{"0":"post-479086","1":"post","2":"type-post","3":"status-publish","4":"format-standard","5":"has-post-thumbnail","7":"category-arts-et-design","8":"tag-arts","9":"tag-arts-and-design","10":"tag-arts-et-design","11":"tag-design","12":"tag-divertissement","13":"tag-edition-sarreguemines-bitche","14":"tag-entertainment","15":"tag-fr","16":"tag-france","17":"tag-religion-croyance","18":"tag-sarreguemines","19":"tag-sarreguemines-ville-57d","20":"tag-societe"},"share_on_mastodon":{"url":"https:\/\/pubeurope.com\/@fr\/115411346022207455","error":""},"_links":{"self":[{"href":"https:\/\/www.europesays.com\/fr\/wp-json\/wp\/v2\/posts\/479086","targetHints":{"allow":["GET"]}}],"collection":[{"href":"https:\/\/www.europesays.com\/fr\/wp-json\/wp\/v2\/posts"}],"about":[{"href":"https:\/\/www.europesays.com\/fr\/wp-json\/wp\/v2\/types\/post"}],"author":[{"embeddable":true,"href":"https:\/\/www.europesays.com\/fr\/wp-json\/wp\/v2\/users\/2"}],"replies":[{"embeddable":true,"href":"https:\/\/www.europesays.com\/fr\/wp-json\/wp\/v2\/comments?post=479086"}],"version-history":[{"count":0,"href":"https:\/\/www.europesays.com\/fr\/wp-json\/wp\/v2\/posts\/479086\/revisions"}],"wp:featuredmedia":[{"embeddable":true,"href":"https:\/\/www.europesays.com\/fr\/wp-json\/wp\/v2\/media\/479087"}],"wp:attachment":[{"href":"https:\/\/www.europesays.com\/fr\/wp-json\/wp\/v2\/media?parent=479086"}],"wp:term":[{"taxonomy":"category","embeddable":true,"href":"https:\/\/www.europesays.com\/fr\/wp-json\/wp\/v2\/categories?post=479086"},{"taxonomy":"post_tag","embeddable":true,"href":"https:\/\/www.europesays.com\/fr\/wp-json\/wp\/v2\/tags?post=479086"}],"curies":[{"name":"wp","href":"https:\/\/api.w.org\/{rel}","templated":true}]}}