{"id":479088,"date":"2025-10-21T09:02:13","date_gmt":"2025-10-21T09:02:13","guid":{"rendered":"https:\/\/www.europesays.com\/fr\/479088\/"},"modified":"2025-10-21T09:02:13","modified_gmt":"2025-10-21T09:02:13","slug":"ce-dimanche-le-salon-du-livre-la-plume-et-la-lettre-de-chasseneuil-invite-au-voyage","status":"publish","type":"post","link":"https:\/\/www.europesays.com\/fr\/479088\/","title":{"rendered":"Ce dimanche, le salon du livre \u00ab\u00a0La Plume et la Lettre\u00a0\u00bb de Chasseneuil invite au voyage"},"content":{"rendered":"<p>    La r\u00e9daction vous conseille<\/p>\n<p>L\u2019\u00e9dition 2025 sera parrain\u00e9e par<a href=\"https:\/\/www.charentelibre.fr\/charente\/eddy-l-harris-trump-est-un-trou-noir-de-la-politique-21989198.php\" target=\"_blank\" rel=\"follow noopener\"> Eddy L. Harris<\/a>. N\u00e9 en 1956 \u00e0 Indianapolis aux USA, cet \u00e9crivain documentaliste est install\u00e9 en France depuis 20\u00a0ans et vit d\u00e9sormais \u00e0 Pranzac. Il est notamment l\u2019auteur d\u2019un r\u00e9cit de son voyage en cano\u00eb sur plus de 4.000 km sur le Mississippi dans les ann\u00e9es 1980, intitul\u00e9 \u00ab\u00a0Mississippi Solo\u00a0\u00bb, livre traduit en fran\u00e7ais en 2020. Apr\u00e8s un deuxi\u00e8me ouvrage sur son s\u00e9jour en Afrique, il a \u00e9crit un livre sur son p\u00e9riple \u00e0 moto \u00e0 travers le Sud Profond, G\u00e9orgie, Louisiane, Alabama\u2026 Et, en 2007, il a re\u00e7u le prix du \u00ab\u00a0Livre Poitou-Charentes\u00a0\u00bb pour \u00ab\u00a0Harlem\u00a0\u00bb (1). Autant de parutions qui sont en ad\u00e9quation compl\u00e8te avec le th\u00e8me de ce salon. \u00ab\u00a0Nous sommes ravis de l\u2019accueillir\u00a0\u00bb, rapporte la pr\u00e9sidente de Papyrus.<\/p>\n<p>De nouveaux auteurs, des animations, des expos<\/p>\n<p>Outre Eddy L. Harris, les organisateurs recevront \u00e9galement Isabelle Chavy, auteur et professeur des \u00e9coles (\u00ab\u00a0Le secret d\u2019Alix\u00a0\u00bb), <a href=\"https:\/\/www.charentelibre.fr\/charente\/rouillac\/rouillac-didier-guillot-une-plume-ancree-dans-le-froid-polaire-21504593.php\" target=\"_blank\" rel=\"follow noopener\">Didier Guillot, rouillacais (<\/a>\u00ab\u00a0La derni\u00e8re cabane avant la for\u00eat\u00a0\u00bb), <a href=\"https:\/\/www.charentelibre.fr\/charente\/nord-ruffecois\/mansle\/l-auteur-charentais-bruno-sananes-partage-son-aventure-a-mansle-les-fontaines-26270422.php\" target=\"_blank\" rel=\"follow noopener\">Bruno Sanan\u00e8s<\/a>, \u00e9crivain voyageur de Montrollet de 60\u00a0ans, passionn\u00e9 par les voyages qu\u2019il raconte ensuite dans ses livres, et encore <a href=\"https:\/\/www.charentelibre.fr\/charente\/nanteuil-en-vallee\/a-toute-petite-vitesse-un-road-trip-rural-made-in-charente-19182266.php\" target=\"_blank\" rel=\"follow noopener\">Myriam Hassoun, H\u00e9l\u00e8ne Salecki, No\u00e9mie Pinganaud<\/a>, pour leur\u00a0road trip rural.<\/p>\n<p>Autre invit\u00e9 de marque, le Vend\u00e9en Yves Viollier qui pr\u00e9sentera son nouveau livre \u00ab\u00a0Le baiser de Claire\u00a0\u00bb, <a href=\"https:\/\/www.babelio.com\/auteur\/Roger-Anglument\/617545\" target=\"_blank\" rel=\"nofollow noopener\">Roger Anglument<\/a> (\u00ab\u00a0Crimes \u00e0 l\u2019\u00eele d\u2019Aix\u00a0\u00bb) et encore <a href=\"https:\/\/www.charentelibre.fr\/charente\/soyaux\/soyaux-olivier-barbillon-l-instituteur-devenu-ecrivain-20686049.php\" target=\"_blank\" rel=\"follow noopener\">Olivier Barbillon de Soyaux, <\/a>seront \u00e0 Chasseneuil pour la premi\u00e8re fois aux c\u00f4t\u00e9s de nombreux autres auteurs. \u00ab\u00a0Il y aura aussi un stand documentaire avec entre autres auteurs <a href=\"https:\/\/www.charentelibre.fr\/charente\/la-rochefoucauld\/saint-sornin-marielle-brie-de-lagerac-la-tete-dans-les-objets-22250236.php\" target=\"_blank\" rel=\"follow noopener\">Marielle de Lagerac, historienne de l\u2019art de Saint-Sornin<\/a> qui pr\u00e9sentera un ouvrage sur l\u2019histoire des objets.<\/p>\n<blockquote><p>\u00ab\u00a0La jeunesse n\u2019a pas \u00e9t\u00e9 oubli\u00e9e et pas moins de dix auteurs d\u2019albums seront pr\u00e9sents.\u00a0\u00bb<\/p><\/blockquote>\n<p>\u00ab\u00a0La jeunesse n\u2019a pas \u00e9t\u00e9 oubli\u00e9e et pas moins de dix auteurs d\u2019albums seront pr\u00e9sents\u00a0\u00bb, continue C\u00e9cile Goumain.<\/p>\n<p>Mais le salon \u00ab\u00a0La Plume et la Lettre\u00a0\u00bb, c\u2019est aussi une kyrielle d\u2019animations. La Compagnie \u00ab\u00a0La baronne perch\u00e9e\u00a0\u00bb offrira un conte po\u00e9tique \u00ab\u00a0Sur les ailes d\u2019une hirondelle\u00a0\u00bb. Les mamies lectrices du CALC (Chasseneuil animations loisirs et culture) tiendront un stand \u00ab\u00a0Lire et faire lire\u00a0\u00bb, Christiane Caro fera une d\u00e9monstration de l\u2019art de la reliure.<\/p>\n<p>\u00ab\u00a0Nous aurons aussi un espace cr\u00e9ation et \u00e9change d\u2019ATC Voyage, une exposition photos des voyages en 2\u00a0CV de Marie-Rose et R\u00e9my Tingaud, un couple de Chasseneuillais (voir CL du 21\u00a0ao\u00fbt 2025), une autre de carnet de routes confi\u00e9e par le public, un espace voyageurs avec l\u2019association Hautes-Vall\u00e9es Charente Qu\u00e9bec, sans oublier l\u2019exposition des cr\u00e9ations des enfants de l\u2019\u00e9cole E.-Pascaud r\u00e9alis\u00e9es \u00e0 l\u2019\u00e9cole lors de l\u2019atelier \u2018M\u00e9li M\u00e9lo\u2019anim\u00e9 par Fabien Laurent\u00a0\u00bb, termine C\u00e9cile Goumain qui, avec son \u00e9quipe, remercie les soutiens apport\u00e9s \u00e0 ce salon et invite aussi le public \u00e0 passer \u00e0 table \u00ab\u00a0gr\u00e2ce \u00e0 un voyage dans l\u2019assiette\u00a0!\u00a0\u00bb (2).<\/p>\n<p>    La r\u00e9daction vous conseille<\/p>\n<p>(1) \u00ab\u00a0Harlem\u00a0\u00bb. Le seul bout de terre qui appartienne totalement aux Noirs d\u2019Am\u00e9rique. Pour le meilleur et pour le pire. Cela n\u2019emp\u00eache pas le narrateur de cette extraordinaire chronique de retourner y vivre dans les ann\u00e9es 1990.<\/p>\n<p>(2) R\u00e9servations pour le repas au 06\u00a018\u00a090\u00a073\u00a054. Entr\u00e9e gratuite au salon ouvert dimanche de 10h \u00e0 18h.<\/p>\n","protected":false},"excerpt":{"rendered":"La r\u00e9daction vous conseille L\u2019\u00e9dition 2025 sera parrain\u00e9e par Eddy L. Harris. N\u00e9 en 1956 \u00e0 Indianapolis aux&hellip;\n","protected":false},"author":2,"featured_media":479089,"comment_status":"","ping_status":"","sticky":false,"template":"","format":"standard","meta":{"footnotes":""},"categories":[1357],"tags":[1379,58,59,1011,27,1380],"class_list":{"0":"post-479088","1":"post","2":"type-post","3":"status-publish","4":"format-standard","5":"has-post-thumbnail","7":"category-livres","8":"tag-books","9":"tag-divertissement","10":"tag-entertainment","11":"tag-fr","12":"tag-france","13":"tag-livres"},"share_on_mastodon":{"url":"https:\/\/pubeurope.com\/@fr\/115411350042855872","error":""},"_links":{"self":[{"href":"https:\/\/www.europesays.com\/fr\/wp-json\/wp\/v2\/posts\/479088","targetHints":{"allow":["GET"]}}],"collection":[{"href":"https:\/\/www.europesays.com\/fr\/wp-json\/wp\/v2\/posts"}],"about":[{"href":"https:\/\/www.europesays.com\/fr\/wp-json\/wp\/v2\/types\/post"}],"author":[{"embeddable":true,"href":"https:\/\/www.europesays.com\/fr\/wp-json\/wp\/v2\/users\/2"}],"replies":[{"embeddable":true,"href":"https:\/\/www.europesays.com\/fr\/wp-json\/wp\/v2\/comments?post=479088"}],"version-history":[{"count":0,"href":"https:\/\/www.europesays.com\/fr\/wp-json\/wp\/v2\/posts\/479088\/revisions"}],"wp:featuredmedia":[{"embeddable":true,"href":"https:\/\/www.europesays.com\/fr\/wp-json\/wp\/v2\/media\/479089"}],"wp:attachment":[{"href":"https:\/\/www.europesays.com\/fr\/wp-json\/wp\/v2\/media?parent=479088"}],"wp:term":[{"taxonomy":"category","embeddable":true,"href":"https:\/\/www.europesays.com\/fr\/wp-json\/wp\/v2\/categories?post=479088"},{"taxonomy":"post_tag","embeddable":true,"href":"https:\/\/www.europesays.com\/fr\/wp-json\/wp\/v2\/tags?post=479088"}],"curies":[{"name":"wp","href":"https:\/\/api.w.org\/{rel}","templated":true}]}}