{"id":479094,"date":"2025-10-21T09:05:17","date_gmt":"2025-10-21T09:05:17","guid":{"rendered":"https:\/\/www.europesays.com\/fr\/479094\/"},"modified":"2025-10-21T09:05:17","modified_gmt":"2025-10-21T09:05:17","slug":"cest-le-film-star-wars-sur-kylo-ren-quon-ne-verra-jamais","status":"publish","type":"post","link":"https:\/\/www.europesays.com\/fr\/479094\/","title":{"rendered":"C&rsquo;est le film Star Wars sur Kylo Ren qu&rsquo;on ne verra jamais"},"content":{"rendered":"<p>Adam Driver, r\u00e9v\u00e9l\u00e9 au grand public gr\u00e2ce \u00e0 son r\u00f4le dans la troisi\u00e8me trilogie Star Wars, \u00e9tait partant pour retourner dans la saga. C\u2019\u00e9tait m\u00eame le plan, mais Disney a dit non.<\/p>\n<p>Pendant trois films Star Wars, Adam Driver a incarn\u00e9 le vrai-faux m\u00e9chant <a href=\"https:\/\/www.numerama.com\/pop-culture\/1587472-on-a-failli-avoir-un-kylo-ren-bien-plus-tenebreux-dans-star-wars.html\" target=\"_blank\" rel=\"noopener\">Kylo Ren<\/a>, de son vrai nom Ben Solo, le fils de Han Solo et de Leia Organa. Et figurez-vous que l\u2019acteur, qui s\u2019est fait un nom \u00e0 Hollywood depuis, a bien failli ajouter une quatri\u00e8me adaptation de la plus c\u00e9l\u00e8bre saga de science-fiction \u00e0 sa filmographie. Une r\u00e9v\u00e9lation qu\u2019il a partag\u00e9e \u00e0 l\u2019occasion d\u2019un entretien accord\u00e9 \u00e0 <a href=\"https:\/\/apnews.com\/article\/adam-driver-star-wars-soderbergh-jarmusch-4e08164d0419759f1b5b50d69864975d\" target=\"_blank\" rel=\"noreferrer noopener\">AP News<\/a> le 21 octobre.<\/p>\n<p>\u00ab J\u2019ai toujours \u00e9t\u00e9 int\u00e9ress\u00e9 par l\u2019id\u00e9e de faire un autre film Star Wars. J\u2019en ai discut\u00e9 depuis 2021. Kathleen [Kennedy] m\u2019a contact\u00e9. Et j\u2019ai toujours dit : avec un grand r\u00e9alisateur et une grande histoire, je signerais sans r\u00e9fl\u00e9chir. J\u2019adore ce personnage et j\u2019ai ador\u00e9 l\u2019incarner \u00bb, confie Adam Driver. Et ce film Star Wars, centr\u00e9 sur Kylo Ren, donc, a failli voir le jour, derri\u00e8re la cam\u00e9ra de Steven Soderbergh.<\/p>\n<p><a href=\"https:\/\/www.numerama.com\/wp-content\/uploads\/2016\/01\/kylo-ren.jpg\" target=\"_blank\" rel=\"noopener\"><img decoding=\"async\" width=\"1024\" height=\"576\" loading=\"lazy\" alt=\"Kylo Ren\" title=\"Kylo Ren\" class=\"wp-image-139998 placeholder-default wp-image\" src=\"https:\/\/www.europesays.com\/fr\/wp-content\/uploads\/2025\/10\/kylo-ren-1024x576.jpg\" \/><\/a>Kylo Ren, de dos. \/\/ Source : Lucasfilm<\/p>\n<p>La vraie r\u00e9demption de Kylo Ren a \u00e9t\u00e9 refus\u00e9e par Disney<\/p>\n<p>Adam Driver avait, semble-t-il, pour id\u00e9e d\u2019offrir une vraie r\u00e9demption \u00e0 Kylo Ren, qui se \u00ab sacrifie \u00bb \u00e0 la fin de l\u2019\u00e9pisode 9 \u2014 <a href=\"https:\/\/www.numerama.com\/pop-culture\/593996-critique-sans-spoiler-de-star-wars-episode-9-lascension-de-skywalker.html\" target=\"_blank\" rel=\"noopener\">L\u2019Ascension de Skywalker<\/a>. Une id\u00e9e qui a plu \u00e0 Steven Soderbergh, ce dernier l\u2019ayant transform\u00e9e en une histoire en compagnie de Rebecca Blunt, puis en script sous la plume de Scott Z. Burns. \u00ab L\u2019un des scripts les plus cool dont je n\u2019ai jamais fait partie \u00bb, fait savoir Adam Driver. Sauf que le projet n\u2019a pas re\u00e7u le feu vert des pontes de Disney.<\/p>\n<p>\u00ab Nous avons pr\u00e9sent\u00e9 le script \u00e0 Lucasfilm. Ils ont ador\u00e9 l\u2019id\u00e9e. Ils ont totalement compris notre angle et pourquoi on le faisait. On l\u2019a ensuite montr\u00e9 \u00e0 Bog Iger et Alan Bergman, et ils ont dit non. Ils ne voyaient pas comment Ben Solo pouvait \u00eatre en vie. Et c\u2019est tout \u00bb, explique Adam Driver. Car le blockbuster, intitul\u00e9 The Hunt for Ben Solo, se serait d\u00e9roul\u00e9 apr\u00e8s l\u2019\u00e9pisode 9. \u00ab J\u2019ai vraiment ador\u00e9 faire ce film dans ma t\u00eate. Je suis juste d\u00e9sol\u00e9 pour les fans qui n\u2019auront pas la chance de le voir \u00bb, se contente d\u2019affirmer Steven Soderbergh.<\/p>\n<p>L\u2019argument de refus de Bob Iger et Alan Bergman est \u00e9trange dans le sens o\u00f9 la saga Star Wars a parfois fait revenir des personnages qui n\u2019\u00e9taient pas moins morts que Kylo Ren. <a href=\"https:\/\/www.numerama.com\/pop-culture\/1629912-un-acteur-de-star-wars-defend-la-resurrection-grotesque-de-palpatine.html\" target=\"_blank\" rel=\"noopener\">On pense \u00e0 l\u2019Empereur Palpatine<\/a> (pour l\u2019\u00e9pisode 9 justement) et \u00e0 Boba Fett (<a href=\"https:\/\/www.numerama.com\/series-tv\/le-livre-de-boba-fett\/\" target=\"_blank\" rel=\"noopener\">pour une s\u00e9rie m\u00e9diocre sur Disney+<\/a>). En cela, personne n\u2019aurait cri\u00e9 au scandale en imaginant un retour de Kylo Ren, pour peu que le r\u00e9cit soit bon.<\/p>\n<p>Kylo Ren n\u2019aura donc pas droit \u00e0 son spin-off, contrairement \u00e0 un autre personnage cl\u00e9 de la troisi\u00e8me trilogie : <a href=\"https:\/\/www.numerama.com\/pop-culture\/1833750-ou-en-est-le-film-star-wars-centre-sur-rey.html\" target=\"_blank\" rel=\"noopener\">Rey se chargera d\u2019\u00e9tablir un nouvel Ordre Jedi dans un film r\u00e9alis\u00e9 par Sharmeen Obaid-Chinroy<\/a> (la s\u00e9rie\u00a0Miss Marvel\u00a0pour Disney+). Aucune date de sortie n\u2019a \u00e9t\u00e9 communiqu\u00e9e \u00e0 ce jour. <\/p>\n<p>    Pour aller plus loin<\/p>\n<p>                <img decoding=\"async\" width=\"87\" height=\"87\" loading=\"lazy\" alt=\"Kylo Ren dans Star Wars \/\/ Source : Lucasfilm\" title=\"Kylo Ren dans Star Wars \/\/ Source : Lucasfilm\" class=\"placeholder-default wp-image\" src=\"https:\/\/www.europesays.com\/fr\/wp-content\/uploads\/2025\/10\/kylo-ren-main-tros-a-6d77fd1e-d101b1d4-120x120.jpeg\" \/>            <\/p>\n<p>            <img decoding=\"async\" src=\"https:\/\/www.europesays.com\/fr\/wp-content\/uploads\/2025\/04\/iPhone-16-pro.png\" alt=\"Toute l'actu tech en un clien d'oeil\"\/><\/p>\n<p class=\"card-install-pwa__title\">Toute l&rsquo;actu tech en un clin d&rsquo;\u0153il<\/p>\n<p class=\"card-install-pwa__description\">Ajoutez Numerama \u00e0 votre \u00e9cran d&rsquo;accueil et restez connect\u00e9s au futur !<\/p>\n<p>            <img decoding=\"async\" src=\"https:\/\/www.numerama.com\/wp-content\/themes\/numerama-next\/assets\/images\/premium\/logo-card-pwa-coupe.svg\" alt=\"Logo PWA\"\/><\/p>\n<p>       Installer Numerama<\/p>\n","protected":false},"excerpt":{"rendered":"Adam Driver, r\u00e9v\u00e9l\u00e9 au grand public gr\u00e2ce \u00e0 son r\u00f4le dans la troisi\u00e8me trilogie Star Wars, \u00e9tait partant&hellip;\n","protected":false},"author":2,"featured_media":479095,"comment_status":"","ping_status":"","sticky":false,"template":"","format":"standard","meta":{"footnotes":""},"categories":[1354],"tags":[58,59,1346,1011,27,1360,1480],"class_list":{"0":"post-479094","1":"post","2":"type-post","3":"status-publish","4":"format-standard","5":"has-post-thumbnail","7":"category-films","8":"tag-divertissement","9":"tag-entertainment","10":"tag-films","11":"tag-fr","12":"tag-france","13":"tag-movies","14":"tag-star-wars"},"share_on_mastodon":{"url":"https:\/\/pubeurope.com\/@fr\/115411362201764203","error":""},"_links":{"self":[{"href":"https:\/\/www.europesays.com\/fr\/wp-json\/wp\/v2\/posts\/479094","targetHints":{"allow":["GET"]}}],"collection":[{"href":"https:\/\/www.europesays.com\/fr\/wp-json\/wp\/v2\/posts"}],"about":[{"href":"https:\/\/www.europesays.com\/fr\/wp-json\/wp\/v2\/types\/post"}],"author":[{"embeddable":true,"href":"https:\/\/www.europesays.com\/fr\/wp-json\/wp\/v2\/users\/2"}],"replies":[{"embeddable":true,"href":"https:\/\/www.europesays.com\/fr\/wp-json\/wp\/v2\/comments?post=479094"}],"version-history":[{"count":0,"href":"https:\/\/www.europesays.com\/fr\/wp-json\/wp\/v2\/posts\/479094\/revisions"}],"wp:featuredmedia":[{"embeddable":true,"href":"https:\/\/www.europesays.com\/fr\/wp-json\/wp\/v2\/media\/479095"}],"wp:attachment":[{"href":"https:\/\/www.europesays.com\/fr\/wp-json\/wp\/v2\/media?parent=479094"}],"wp:term":[{"taxonomy":"category","embeddable":true,"href":"https:\/\/www.europesays.com\/fr\/wp-json\/wp\/v2\/categories?post=479094"},{"taxonomy":"post_tag","embeddable":true,"href":"https:\/\/www.europesays.com\/fr\/wp-json\/wp\/v2\/tags?post=479094"}],"curies":[{"name":"wp","href":"https:\/\/api.w.org\/{rel}","templated":true}]}}