{"id":47910,"date":"2025-04-24T00:43:13","date_gmt":"2025-04-24T00:43:13","guid":{"rendered":"https:\/\/www.europesays.com\/fr\/47910\/"},"modified":"2025-04-24T00:43:13","modified_gmt":"2025-04-24T00:43:13","slug":"cinema-le-kinepolis-de-lomme-annonce-des-travaux-en-cours-avant-une-nouveaute-hors-norme","status":"publish","type":"post","link":"https:\/\/www.europesays.com\/fr\/47910\/","title":{"rendered":"Cin\u00e9ma. Le Kinepolis de Lomme annonce des travaux en cours avant une nouveaut\u00e9 hors norme"},"content":{"rendered":"<p>            Par<br \/>\n        <strong><br \/>\n            <a href=\"https:\/\/actu.fr\/auteur\/nicolas-demollien\" title=\"Consulter tous les articles de Nicolas Demollien\" target=\"_blank\" rel=\"noopener\">Nicolas Demollien<\/a><br \/>\n        <\/strong><\/p>\n<p>        Publi\u00e9 le<\/p>\n<p>            23 avr. 2025 \u00e0 17h30        <\/p>\n<p>N\u2019ayons pas peur des mots\u2009: vous allez en prendre plein les yeux\u2009! Le <b>cin\u00e9ma Kinepolis<\/b> de Lomme, ville associ\u00e9e \u00e0 Lille (Nord), annonce une <b>grande nouveaut\u00e9 \u00e0 venir<\/b> et promet \u00ab\u2009une <b>exp\u00e9rience inoubliable<\/b>\u2009\u00bb. Des <b>travaux sont en cours<\/b>, vous pourrez en profiter courant mai\u00a02025.<\/p>\n<p>Une \u00e9norme nouveaut\u00e9 arrive au Kinepolis de Lomme<\/p>\n<p class=\" wall-content\">\u00ab\u2009Les travaux sont en cours pour adapter et reconfigurer une salle existante aux normes IMAX\u00ae (dont un nouvel \u00e9cran surdimensionn\u00e9 allant du sol au plafond). Ce sera la<b> plus grande salle IMAX\u00ae des Hauts-de-France<\/b>\u2009!\u2009\u00bb se r\u00e9jouit-on du c\u00f4t\u00e9 de la structure lommoise.<\/p>\n<p class=\" wall-content\">Cette <b>nouvelle salle de 491 fauteuils<\/b> (dont de nouveaux si\u00e8ges Premium), parmi les 23 que compte le cin\u00e9ma, \u00ab\u2009compl\u00e9tera une offre premium d\u00e9j\u00e0 tant appr\u00e9ci\u00e9e par les spectateurs\u2009\u00bb. L\u2019inauguration est pr\u00e9vue courant mai. Il s\u2019agira du deuxi\u00e8me cin\u00e9ma Kinepolis en France \u00e0 proposer cette technologie, apr\u00e8s <a href=\"https:\/\/actu.fr\/occitanie\/nimes_30189\/une-technologie-inedite-debarque-dans-ce-cinema-du-gard-les-premiers-spectateurs-bluffes_60244865.html\" target=\"_blank\" rel=\"noopener\">l\u2019ouverture de la salle<\/a><\/p>\n<p class=\" wall-content\"><a href=\"https:\/\/actu.fr\/occitanie\/nimes_30189\/une-technologie-inedite-debarque-dans-ce-cinema-du-gard-les-premiers-spectateurs-bluffes_60244865.html\" target=\"_blank\" rel=\"noopener\">IMAX du Kinepolis N\u00eemes en octobre\u00a02023<\/a>.<\/p>\n<p class=\" wall-content\">\u00ab\u2009Nous sommes ravis d\u2019offrir \u00e0 nos spectateurs une exp\u00e9rience cin\u00e9matographique unique avec l\u2019ouverture de notre nouvelle salle IMAX. C\u2019est une nouvelle \u00e9tape dans notre engagement de proposer le meilleur du cin\u00e9ma ici\u2009\u00bb, sourit Fran\u00e7ois Minebois, directeur du Kinepolis de Lomme.<\/p>\n<p>Vid\u00e9os : en ce moment sur Actu<\/p>\n<p class=\" wall-content\">Concr\u00e8tement, le cin\u00e9ma sera donc dot\u00e9 de la technologie IMAX\u00ae avec laser, un syst\u00e8me immersif de projection et de son\u00a0multicanal nouvelle g\u00e9n\u00e9ration\u2009: IMAX Corp\u00ae.<\/p>\n<p class=\" wall-content\">\u00c0 la cl\u00e9\u2009: une <b>r\u00e9solution accrue<\/b> avec des images plus nettes et plus lumineuses, des contrastes plus profonds, \u00ab\u2009ainsi que la plus large gamme de couleurs \u00e0 disposition des cin\u00e9astes garantissant aux spectateurs des images d\u2019un r\u00e9alisme surprenant\u2009\u00bb.<\/p>\n<p class=\" wall-content\">Autres promesses\u2009: un <b>meilleur son<\/b> et une salle sp\u00e9cialement configur\u00e9e pour<b> t<\/b><b>ransporter les spectateurs au-del\u00e0 de leur fauteuil<\/b>, dans l\u2019univers du film.<\/p>\n<p class=\" wall-content\">Les spectateurs pourront ainsi d\u00e9couvrir d\u2019incroyables sorties \u00ab\u2009film\u00e9es pour IMAX\u2009\u00bb comme Mission Impossible \u2013 The Final Reckoning au cin\u00e9ma le 21\u00a0mai, Dragons d\u00e8s le 11\u00a0juin, F1 le 25\u00a0juin, Superman le 9\u00a0juillet ou encore Les 4 Fantastiques, premiers pas \u00e0 d\u00e9couvrir au cin\u00e9ma d\u00e8s le 23\u00a0juillet\u2009!<\/p>\n<p>    <a href=\"https:\/\/www.facebook.com\/plugins\/post.php?href=https%3A%2F%2Fwww.facebook.com%2Fkinepolislomme%2Fposts%2Fpfbid038Cx27rzXk8stqBGYw55jezPRbR93QmsfoAgWrA3W11ffNyzH64w8y3MMT3oGJovfl&amp;show_text=true&amp;width=350\" title=\"Ouvrie le lien\" target=\"_blank\" rel=\"noopener\">Cliquez ici pour visualiser le contenu<\/a><\/p>\n<p class=\" wall-content\">On a h\u00e2te\u2009!<\/p>\n<p class=\" wall-content\">Suivez toute l\u2019actualit\u00e9 de vos villes et m\u00e9dias favoris en vous inscrivant \u00e0 <a href=\"https:\/\/moncompte.actu.fr\" title=\"D\u00e9couvez Mon Actu\" rel=\"nofollow noopener\" data-trk=\"{&quot;cta&quot;:{&quot;action&quot;:&quot;https:\\\/\\\/moncompte.actu.fr&quot;,&quot;category&quot;:&quot;mon compte&quot;,&quot;from&quot;:&quot;article footer&quot;,&quot;name&quot;:&quot;Mon actu&quot;,&quot;type&quot;:&quot;cta&quot;}}\" target=\"_blank\">Mon Actu<\/a>.<\/p>\n","protected":false},"excerpt":{"rendered":"Par Nicolas Demollien Publi\u00e9 le 23 avr. 2025 \u00e0 17h30 N\u2019ayons pas peur des mots\u2009: vous allez en&hellip;\n","protected":false},"author":2,"featured_media":47911,"comment_status":"","ping_status":"","sticky":false,"template":"","format":"standard","meta":{"footnotes":""},"categories":[2815],"tags":[1111,11,650,1777,674,1011,27,811,1307,1652,13882,12,25],"class_list":{"0":"post-47910","1":"post","2":"type-post","3":"status-publish","4":"format-standard","5":"has-post-thumbnail","7":"category-lille","8":"tag-actu","9":"tag-actualites","10":"tag-cinema","11":"tag-eu","12":"tag-europe","13":"tag-fr","14":"tag-france","15":"tag-hauts-de-france","16":"tag-lille","17":"tag-loisirs-culture","18":"tag-lomme","19":"tag-news","20":"tag-republique-francaise"},"share_on_mastodon":{"url":"https:\/\/pubeurope.com\/@fr\/114390172073449650","error":""},"_links":{"self":[{"href":"https:\/\/www.europesays.com\/fr\/wp-json\/wp\/v2\/posts\/47910","targetHints":{"allow":["GET"]}}],"collection":[{"href":"https:\/\/www.europesays.com\/fr\/wp-json\/wp\/v2\/posts"}],"about":[{"href":"https:\/\/www.europesays.com\/fr\/wp-json\/wp\/v2\/types\/post"}],"author":[{"embeddable":true,"href":"https:\/\/www.europesays.com\/fr\/wp-json\/wp\/v2\/users\/2"}],"replies":[{"embeddable":true,"href":"https:\/\/www.europesays.com\/fr\/wp-json\/wp\/v2\/comments?post=47910"}],"version-history":[{"count":0,"href":"https:\/\/www.europesays.com\/fr\/wp-json\/wp\/v2\/posts\/47910\/revisions"}],"wp:featuredmedia":[{"embeddable":true,"href":"https:\/\/www.europesays.com\/fr\/wp-json\/wp\/v2\/media\/47911"}],"wp:attachment":[{"href":"https:\/\/www.europesays.com\/fr\/wp-json\/wp\/v2\/media?parent=47910"}],"wp:term":[{"taxonomy":"category","embeddable":true,"href":"https:\/\/www.europesays.com\/fr\/wp-json\/wp\/v2\/categories?post=47910"},{"taxonomy":"post_tag","embeddable":true,"href":"https:\/\/www.europesays.com\/fr\/wp-json\/wp\/v2\/tags?post=47910"}],"curies":[{"name":"wp","href":"https:\/\/api.w.org\/{rel}","templated":true}]}}