{"id":479100,"date":"2025-10-21T09:08:13","date_gmt":"2025-10-21T09:08:13","guid":{"rendered":"https:\/\/www.europesays.com\/fr\/479100\/"},"modified":"2025-10-21T09:08:13","modified_gmt":"2025-10-21T09:08:13","slug":"il-ne-veut-pas-divorcer-lex-premiere-dame-brutalement-honnete-sur-nicolas-sarkozy","status":"publish","type":"post","link":"https:\/\/www.europesays.com\/fr\/479100\/","title":{"rendered":"\u00ab\u00a0Il ne veut pas divorcer\u00a0\u00bb, l\u2019ex-Premi\u00e8re dame brutalement honn\u00eate sur Nicolas Sarkozy"},"content":{"rendered":"<p>Entre Carla Bruni et Nicolas Sarkozy, c\u2019est une formidable<br \/>\nhistoire d\u2019amour qui a d\u00e9but\u00e9 fin 2007. Invit\u00e9 \u00e0 un d\u00eener organis\u00e9<br \/>\npar son ami Jacques S\u00e9gu\u00e9la, le pr\u00e9sident de la R\u00e9publique croise<br \/>\nalors pour la premi\u00e8re fois le regard du mannequin. Le coup de<br \/>\nfoudre est imm\u00e9diat. \u00ab\u00a0Je n\u2019avais jamais vu Carla avant. Je suis<br \/>\nrentr\u00e9 dans la pi\u00e8ce, j\u2019ai regard\u00e9, elle a l\u00e9g\u00e8rement rougi, je<br \/>\nsuis parti avec elle du d\u00eener, apr\u00e8s avoir adress\u00e9 la parole \u00e0<br \/>\npersonne. Et deux mois et demi apr\u00e8s on \u00e9tait mari\u00e9s\u00a0\u00bb, se<br \/>\nsouvenait-il alors dans le podcast LEGEND de Guillaume Pley.<\/p>\n<p>17 ans apr\u00e8s, Nicolas Sarkozy et Carla Bruni toujours fous<br \/>\namoureux<\/p>\n<p>Le duo convole en effet tr\u00e8s rapidement, <strong>le 2 f\u00e9vrier<br \/>\n2008 plus pr\u00e9cis\u00e9ment<\/strong>. \u00ab\u00a0Je vous avouerais que j\u2019ai<br \/>\nsenti l\u2019impact des choses ce soir-l\u00e0\u00a0\u00bb, avait de son c\u00f4t\u00e9<br \/>\nexpliqu\u00e9 Carla Bruni \u00e0 Isabelle Morizet dans l\u2019\u00e9mission Il n\u2019y a<br \/>\npas qu\u2019une vie dans la vie sur Europe 1 en 2022. Un pari certes<br \/>\nrisqu\u00e9, mais qui valait finalement la peine d\u2019\u00eatre pris.<\/p>\n<p><strong>Aujourd\u2019hui encore, Carla Bruni et Nicolas Sarkozy<br \/>\nfilent le parfait amour<\/strong> et sont <a href=\"https:\/\/www.melty.fr\/people\/giulia-sarkozy-14-ans-robe-xxs-a-ras-des-cuisses-sac-de-luxe-sa-derniere-viree-fait-scandale-la-veille-du-depart-en-prison-de-son-pere-2270101.html\" target=\"_blank\" rel=\"noopener\"><br \/>\nles heureux parents de Giulia<\/a>, n\u00e9e quelques ann\u00e9es apr\u00e8s leur<br \/>\nunion. De m\u00eame, <strong>l\u2019ex-Premi\u00e8re dame se r\u00e9v\u00e8le \u00eatre un<br \/>\nsoutien de taille pour son mari<\/strong> qui vient d\u2019\u00eatre condamn\u00e9<br \/>\n\u00e0 5 ans de prison ferme dans l\u00a0\u00bbaffaire du financement libyen de sa<br \/>\ncampagne pr\u00e9sidentielle de 2007.<\/p>\n<p>\u00ab\u00a0Mon mari ne reviendra pas en politique car il ne veut pas<br \/>\ndivorcer\u00a0\u00bb, assure l\u2019ex-Premi\u00e8re dame<\/p>\n<p>La carri\u00e8re en politique de Nicolas Sarkozy est d\u00e9finitivement<br \/>\nderri\u00e8re lui. Malgr\u00e9 tout, <strong>beaucoup misaient sur son retour<br \/>\nen 2022<\/strong> pour les pr\u00e9sidentielles. <strong>A l\u2019\u00e9poque,<br \/>\nCarla Bruni avait assur\u00e9 que cela ne se produirait pas<\/strong>. Et<br \/>\nce, pour une raison bien pr\u00e9cise.<\/p>\n<p><strong>\u00ab\u00a0Mon mari ne reviendra pas en politique car il ne<br \/>\nveut pas divorcer\u00a0\u00bb<\/strong>, r\u00e9v\u00e9lait-elle ainsi dans les<br \/>\ncolonnes de Vanity Fair. Et d\u2019assurer au passage avec une pointe<br \/>\nd\u2019humour : \u00ab\u00a0Il est tr\u00e8s amoureux. Donc <strong>il faudrait<br \/>\nqu&rsquo;il m&rsquo;\u00e9change contre quelqu&rsquo;un d&rsquo;autre<\/strong> (rires). Non,<br \/>\nnon, non, plus de politique, c&rsquo;est fini ! Non seulement <strong>\u00e0<br \/>\ncause de moi<\/strong>, mais aussi parce que mon mari, qui, \u00e0 mon<br \/>\navis, a \u00e9t\u00e9 le meilleur pr\u00e9sident que nous ayons eu depuis des<br \/>\nann\u00e9es, n&rsquo;a pas \u00e9t\u00e9 r\u00e9\u00e9lu. Et c&rsquo;est une d\u00e9mocratie, donc c&rsquo;est<br \/>\nfini. Non, non, non ! <strong>Il ne reviendra pas en<br \/>\npolitique\u00a0\u00bb<\/strong>.<\/p>\n<p>Nicolas Sarkozy : la fin de son second<br \/>\nmariage au pire moment<\/p>\n<p><strong>Une r\u00e9f\u00e9rence tr\u00e8s claire au second divorce de l\u2019ancien<br \/>\npr\u00e9sident de la R\u00e9publique<\/strong>. Alors <a href=\"https:\/\/www.melty.fr\/people\/cecilia-attias-marquee-par-ce-traumatisme-louis-sarkozy-balance-elle-me-met-en-garde-2270132.html\" target=\"_blank\" rel=\"noopener\"><br \/>\nmari\u00e9 \u00e0 C\u00e9cilia Attias depuis des ann\u00e9es<\/a>, Nicolas Sarkozy a vu<br \/>\n<strong>leur relation prendre l\u2019eau tandis qu\u2019il venait tout juste<br \/>\nd\u2019\u00eatre \u00e9lu par les Fran\u00e7ais<\/strong>. \u00ab\u00a0J&rsquo;\u00e9tais en train de me<br \/>\ndemander si je voulais encore de ce couple\u00a0\u00bb, avait confi\u00e9 la<br \/>\nm\u00e8re de Louis Sarkozy dans les pages du magazine ELLE apr\u00e8s leur<br \/>\nrupture.<\/p>\n<p>Si C\u00e9cilia Attias assure qu\u2019il s\u2019agissait l\u00e0 d\u2019une \u00ab\u00a0d\u00e9marche<br \/>\ntotalement personnelle\u00a0\u00bb, <strong>elle admet \u00e9galement que<br \/>\n\u00ab\u00a0ce qui nous est arriv\u00e9 est une chose banale\u00a0\u00bb<\/strong>.<br \/>\n\u00ab\u00a0Il se trouve que mon mari \u00e9tait pr\u00e9sident de la R\u00e9publique.<br \/>\nMais ce n&rsquo;\u00e9tait pas du courage. C&rsquo;\u00e9tait ce qu&rsquo;il fallait faire pour<br \/>\n\u00eatre en accord avec moi-m\u00eame\u00a0\u00bb, conclut finalement l\u2019ex-\u00e9pouse<br \/>\nde Nicolas Sarkozy.<\/p>\n","protected":false},"excerpt":{"rendered":"Entre Carla Bruni et Nicolas Sarkozy, c\u2019est une formidable histoire d\u2019amour qui a d\u00e9but\u00e9 fin 2007. Invit\u00e9 \u00e0&hellip;\n","protected":false},"author":2,"featured_media":479101,"comment_status":"","ping_status":"","sticky":false,"template":"","format":"standard","meta":{"footnotes":""},"categories":[8],"tags":[905,12667,58,59,1011,27,3091],"class_list":{"0":"post-479100","1":"post","2":"type-post","3":"status-publish","4":"format-standard","5":"has-post-thumbnail","7":"category-divertissement","8":"tag-a-la-une-melty","9":"tag-carla-bruni","10":"tag-divertissement","11":"tag-entertainment","12":"tag-fr","13":"tag-france","14":"tag-nicolas-sarkozy"},"share_on_mastodon":{"url":"https:\/\/pubeurope.com\/@fr\/115411373577746120","error":""},"_links":{"self":[{"href":"https:\/\/www.europesays.com\/fr\/wp-json\/wp\/v2\/posts\/479100","targetHints":{"allow":["GET"]}}],"collection":[{"href":"https:\/\/www.europesays.com\/fr\/wp-json\/wp\/v2\/posts"}],"about":[{"href":"https:\/\/www.europesays.com\/fr\/wp-json\/wp\/v2\/types\/post"}],"author":[{"embeddable":true,"href":"https:\/\/www.europesays.com\/fr\/wp-json\/wp\/v2\/users\/2"}],"replies":[{"embeddable":true,"href":"https:\/\/www.europesays.com\/fr\/wp-json\/wp\/v2\/comments?post=479100"}],"version-history":[{"count":0,"href":"https:\/\/www.europesays.com\/fr\/wp-json\/wp\/v2\/posts\/479100\/revisions"}],"wp:featuredmedia":[{"embeddable":true,"href":"https:\/\/www.europesays.com\/fr\/wp-json\/wp\/v2\/media\/479101"}],"wp:attachment":[{"href":"https:\/\/www.europesays.com\/fr\/wp-json\/wp\/v2\/media?parent=479100"}],"wp:term":[{"taxonomy":"category","embeddable":true,"href":"https:\/\/www.europesays.com\/fr\/wp-json\/wp\/v2\/categories?post=479100"},{"taxonomy":"post_tag","embeddable":true,"href":"https:\/\/www.europesays.com\/fr\/wp-json\/wp\/v2\/tags?post=479100"}],"curies":[{"name":"wp","href":"https:\/\/api.w.org\/{rel}","templated":true}]}}