{"id":479105,"date":"2025-10-21T09:11:13","date_gmt":"2025-10-21T09:11:13","guid":{"rendered":"https:\/\/www.europesays.com\/fr\/479105\/"},"modified":"2025-10-21T09:11:13","modified_gmt":"2025-10-21T09:11:13","slug":"une-determination-du-parti-a-lutter-contre-la-corruption-en-chine-le-regime-communiste-purge-larmee","status":"publish","type":"post","link":"https:\/\/www.europesays.com\/fr\/479105\/","title":{"rendered":"\u00ab\u00a0Une d\u00e9termination du parti \u00e0 lutter contre la corruption\u00a0\u00bb\u00a0:\u00a0en Chine, le r\u00e9gime communiste purge l\u2019arm\u00e9e"},"content":{"rendered":"<p>\n    <strong>D\u00c9CRYPTAGE &#8211;<\/strong> Le parti communiste tient \u00e0 P\u00e9kin un conclave test pour l\u2019autorit\u00e9 du pr\u00e9sident Xi Jinping face aux d\u00e9fis g\u00e9opolitiques et \u00e9conomiques qui l\u2019opposent aux \u00c9tats-Unis.<\/p>\n<p class=\"fig-paragraph\">Une purge sans piti\u00e9 en guise de coup de gong. La Chine a fait chuter son second plus haut g\u00e9n\u00e9ral \u00e0 l\u2019or\u00e9e d\u2019un conclave majeur du r\u00e9gime communiste, en plein<a href=\"http:\/\/www.lefigaro.fr\/conjoncture\/guerre-commerciale-la-chine-joue-la-fermete-face-a-donald-trump-20251013\" data-fig-type=\"Article\" data-gtm-custom-categorie=\"navigation\" data-gtm-custom-action=\"crossclick\" data-gtm-custom-label=\"Contextuel\" data-gtm-event=\"customEventSPE\" data-fig-domain=\"LEFIGARO\" rel=\"nofollow noopener\" target=\"_blank\">\u00a0bras de fer strat\u00e9gique avec Donald Trump.<\/a>\u00a0Le g\u00e9n\u00e9ral He Weidong, vice-pr\u00e9sident de la commission militaire centrale (CMC) a \u00e9t\u00e9 plac\u00e9 sous enqu\u00eate ainsi que huit autres haut grad\u00e9s, \u00e0 la veille du 4e plenum du Parti qui se d\u00e9roule \u00e0 P\u00e9kin, jusqu\u2019au 23 octobre.<\/p>\n<p class=\"fig-paragraph\">Ce prot\u00e9g\u00e9 du\u00a0<a href=\"http:\/\/www.lefigaro.fr\/international\/le-president-xi-jinping-assure-que-la-chine-est-inarretable-20250903\" data-fig-type=\"NewsFlash\" data-gtm-custom-categorie=\"navigation\" data-gtm-custom-action=\"crossclick\" data-gtm-custom-label=\"Contextuel\" data-gtm-event=\"customEventSPE\" data-fig-domain=\"LEFIGARO\" rel=\"nofollow noopener\" target=\"_blank\">pr\u00e9sident Xi Jinping<\/a>, \u00ab disparu\u00a0\u00bb publiquement depuis mars, a \u00e9t\u00e9 officiellement expuls\u00e9 du Parti le 17 octobre, alors que les caciques rouges se retrouvent pour fixer le cap du g\u00e9ant asiatique dans un environnement g\u00e9opolitique et \u00e9conomique adverse. Et que le dirigeant pourrait tenir sa premi\u00e8re rencontre avec le pr\u00e9sident am\u00e9ricain \u00e0 la fin du mois, en Cor\u00e9e du Sud. La Chine a enregistr\u00e9 son taux de croissance le plus bas depuis un an, au troisi\u00e8me trimestre, \u00e0 4,8% ont d\u00e9voil\u00e9 les autorit\u00e9s, \u00e0 l\u2019ouverture de la r\u00e9union du comit\u00e9 central, dans un h\u00f4tel\u2026<\/p>\n<p class=\"fig-premium-paywall__infos\">\n        Cet article est r\u00e9serv\u00e9 aux abonn\u00e9s.        Il vous reste 80% \u00e0 d\u00e9couvrir.\n    <\/p>\n<p>                <img  data- alt=\"Le Figaro\" class=\"fig-img--complete fig-img\"\/><\/p>\n<p class=\"fig-premium-paywall__title\">Vous avez envie de lire la suite ?<\/p>\n<p class=\"fig-premium-paywall__subtitle\">D\u00e9bloquez tous les articles imm\u00e9diatement.<\/p>\n<p class=\"fig-premium-paywall__connect\">\n                D\u00e9j\u00e0 abonn\u00e9\u00a0?                <a class=\"fig-premium-paywall__connect-link\" href=\"https:\/\/connect.lefigaro.fr\/login?client=horizon_web&amp;type=main&amp;redirect_uri=https%3A%2F%2Fwww.lefigaro.fr%2Finternational%2Fune-determination-du-parti-a-lutter-contre-la-corruption-en-chine-le-regime-communiste-purge-l-armee-20251021\" data-js-gtm=\"{&quot;customCategorie&quot;: &quot;conversion&quot;, &quot;customAction&quot;: &quot;before_Landing_Connexion_paywall_auto&quot;, &quot;customLabel&quot;: &quot;bGVmaWdhcm8uZnJfXzFmMGFkYTEzLTQwNDEtNjFjMC05ZTA2LTJiZmZlMWFmYmYxMF9fQXJ0aWNsZQ==_\u00ab\u00a0Une d\u00e9termination du parti \u00e0 lutter contre la corruption\u00a0\u00bb\u00a0:\u00a0en Chine, le r\u00e9gime communiste purge l\u2019arm\u00e9e_579&quot;, &quot;customIDSPE&quot;: &quot;bGVmaWdhcm8uZnJfXzFmMGFkYTEzLTQwNDEtNjFjMC05ZTA2LTJiZmZlMWFmYmYxMF9fQXJ0aWNsZQ==&quot;, &quot;event&quot;: &quot;customEventSPE&quot;}\" rel=\"nofollow noopener\" target=\"_blank\"><br \/>\n                    Connectez-vous<br \/>\n                <\/a>\n            <\/p>\n","protected":false},"excerpt":{"rendered":"D\u00c9CRYPTAGE &#8211; Le parti communiste tient \u00e0 P\u00e9kin un conclave test pour l\u2019autorit\u00e9 du pr\u00e9sident Xi Jinping face&hellip;\n","protected":false},"author":2,"featured_media":479106,"comment_status":"","ping_status":"","sticky":false,"template":"","format":"standard","meta":{"footnotes":""},"categories":[5],"tags":[11,1813,1011,27,14,12,33162,28,7084],"class_list":{"0":"post-479105","1":"post","2":"type-post","3":"status-publish","4":"format-standard","5":"has-post-thumbnail","7":"category-international","8":"tag-actualites","9":"tag-armee","10":"tag-fr","11":"tag-france","12":"tag-international","13":"tag-news","14":"tag-parti-communiste-chinois","15":"tag-world","16":"tag-xi-jinping"},"share_on_mastodon":{"url":"https:\/\/pubeurope.com\/@fr\/115411385292813541","error":""},"_links":{"self":[{"href":"https:\/\/www.europesays.com\/fr\/wp-json\/wp\/v2\/posts\/479105","targetHints":{"allow":["GET"]}}],"collection":[{"href":"https:\/\/www.europesays.com\/fr\/wp-json\/wp\/v2\/posts"}],"about":[{"href":"https:\/\/www.europesays.com\/fr\/wp-json\/wp\/v2\/types\/post"}],"author":[{"embeddable":true,"href":"https:\/\/www.europesays.com\/fr\/wp-json\/wp\/v2\/users\/2"}],"replies":[{"embeddable":true,"href":"https:\/\/www.europesays.com\/fr\/wp-json\/wp\/v2\/comments?post=479105"}],"version-history":[{"count":0,"href":"https:\/\/www.europesays.com\/fr\/wp-json\/wp\/v2\/posts\/479105\/revisions"}],"wp:featuredmedia":[{"embeddable":true,"href":"https:\/\/www.europesays.com\/fr\/wp-json\/wp\/v2\/media\/479106"}],"wp:attachment":[{"href":"https:\/\/www.europesays.com\/fr\/wp-json\/wp\/v2\/media?parent=479105"}],"wp:term":[{"taxonomy":"category","embeddable":true,"href":"https:\/\/www.europesays.com\/fr\/wp-json\/wp\/v2\/categories?post=479105"},{"taxonomy":"post_tag","embeddable":true,"href":"https:\/\/www.europesays.com\/fr\/wp-json\/wp\/v2\/tags?post=479105"}],"curies":[{"name":"wp","href":"https:\/\/api.w.org\/{rel}","templated":true}]}}