{"id":479111,"date":"2025-10-21T09:14:16","date_gmt":"2025-10-21T09:14:16","guid":{"rendered":"https:\/\/www.europesays.com\/fr\/479111\/"},"modified":"2025-10-21T09:14:16","modified_gmt":"2025-10-21T09:14:16","slug":"pourquoi-les-medecins-vont-prescrire-des-paniers-bio-aux-femmes-enceintes","status":"publish","type":"post","link":"https:\/\/www.europesays.com\/fr\/479111\/","title":{"rendered":"pourquoi les m\u00e9decins vont prescrire des paniers bio aux femmes enceintes\u00a0?"},"content":{"rendered":"<p>            Par<br \/>\n        <strong><br \/>\n            <a href=\"https:\/\/actu.fr\/auteur\/mathias-souteyrat\" title=\"Consulter tous les articles de Mathias Souteyrat\" target=\"_blank\" rel=\"noopener\">Mathias Souteyrat<\/a><br \/>\n        <\/strong><\/p>\n<p>        Publi\u00e9 le<\/p>\n<p>            21 oct. 2025 \u00e0 10h14        <\/p>\n<p>\u00c0 <a href=\"https:\/\/actu.fr\/saint-etienne\/\" target=\"_blank\" rel=\"noopener\">Saint-Etienne<\/a>, les m\u00e9decins et sages-femmes vont pouvoir prescrire des fruits et l\u00e9gumes bio \u00e0 40 futures femmes enceintes st\u00e9phanoises durant 5 mois. Voici la raison.\u00a0<\/p>\n<p>Les \u00ab Ordonnances vertes \u00bb<\/p>\n<p class=\" wall-content\">La Ville de Saint-\u00c9tienne lance les \u00ab Ordonnances vertes \u00bb sous la houlette de Nadia Semache, adjointe en charge de la sant\u00e9 et du plan cancer.<\/p>\n<p class=\" wall-content\">Il s\u2019agit d\u2019un dispositif de protection de la femme enceinte et de son b\u00e9b\u00e9 contre les perturbateurs endocriniens, en particulier sur le d\u00e9veloppement de pathologies chroniques ou de troubles du d\u00e9veloppement (infertilit\u00e9, pubert\u00e9 pr\u00e9coce, ob\u00e9sit\u00e9, maladie thyro\u00efdienne\u2026)<\/p>\n<p>\u00ab\u00a0Une alimentation saine, sans perturbateurs endocriniens\u00a0\u00bb<\/p>\n<p class=\" wall-content\">Les m\u00e9decins et sages-femmes pourront d\u00e9sormais prescrire des fruits et l\u00e9gumes bio \u00e0 des femmes enceintes st\u00e9phanoises.<\/p>\n<blockquote class=\"ac-article-quote wall-content\">\n<p>M\u00eame si la sant\u00e9 n\u2019est pas une comp\u00e9tence locale, tout ce que nous faisons a un impact concret sur les St\u00e9phanois.<\/p>\n<p>    <strong>Nadia Semache<\/strong><br \/>\n        Adjointe \u00e0 la sant\u00e9    <\/p><\/blockquote>\n<p class=\" wall-content\">\u00ab\u00a0Une belle mani\u00e8re de sensibiliser \u00e0 l\u2019importance d\u2019une alimentation saine, sans perturbateurs endocriniens, pendant la grossesse\u00a0\u00bb, \u00e9crit la municipalit\u00e9.<\/p>\n<p>Paniers bio et ateliers de pr\u00e9ventions<\/p>\n<p class=\" wall-content\">Quarante futures mamans b\u00e9n\u00e9ficieront, chaque semaine pendant 5 mois, d\u2019un panier bio, local et de saison, fourni par De la Ferme au Quartier.<\/p>\n<p>Votre r\u00e9gion, votre actu !<\/p>\n<p>Recevez chaque jour les infos qui comptent pour vous.<\/p>\n<p>\t<a href=\"https:\/\/actu.fr\/newsletter\" class=\"ac-btn ac-btn--corner ac-btn--medium ac-btn--blue800\" target=\"_blank\" rel=\"noopener\">S&rsquo;incrire<\/a><\/p>\n<p class=\" wall-content\">Elles participeront aussi \u00e0 deux ateliers de pr\u00e9vention (cuisine et sensibilisation aux produits nocifs) et recevront un kit de cuisine sans substances toxiques.<\/p>\n<p class=\" wall-content\">Une action simple, utile, concr\u00e8te, qui s\u2019inscrit dans le Plan cancer de la Ville de Saint-\u00c9tienne et qui illustre une fois encore notre volont\u00e9 d\u2019agir pour la sant\u00e9 de toutes et tous.<br \/>Cette d\u00e9cision a \u00e9t\u00e9 vot\u00e9e \u00e0 l\u2019unanimit\u00e9 du conseil municipal.<\/p>\n<p class=\" wall-content\">Personnalisez votre actualit\u00e9 en ajoutant vos villes et m\u00e9dias en favori avec <a href=\"https:\/\/moncompte.actu.fr\" title=\"D\u00e9couvez Mon Actu\" rel=\"nofollow noopener\" data-trk=\"{&quot;cta&quot;:{&quot;action&quot;:&quot;https:\\\/\\\/moncompte.actu.fr&quot;,&quot;category&quot;:&quot;mon compte&quot;,&quot;from&quot;:&quot;article footer&quot;,&quot;name&quot;:&quot;Mon actu&quot;,&quot;type&quot;:&quot;cta&quot;}}\" target=\"_blank\">Mon Actu<\/a>.<\/p>\n","protected":false},"excerpt":{"rendered":"Par Mathias Souteyrat Publi\u00e9 le 21 oct. 2025 \u00e0 10h14 \u00c0 Saint-Etienne, les m\u00e9decins et sages-femmes vont pouvoir&hellip;\n","protected":false},"author":2,"featured_media":479112,"comment_status":"","ping_status":"","sticky":false,"template":"","format":"standard","meta":{"footnotes":""},"categories":[9653],"tags":[1111,11,2430,1777,674,1011,27,2673,12,25,4001,71,104],"class_list":{"0":"post-479111","1":"post","2":"type-post","3":"status-publish","4":"format-standard","5":"has-post-thumbnail","7":"category-saint-etienne","8":"tag-actu","9":"tag-actualites","10":"tag-auvergne-rhone-alpes","11":"tag-eu","12":"tag-europe","13":"tag-fr","14":"tag-france","15":"tag-medecins","16":"tag-news","17":"tag-republique-francaise","18":"tag-saint-etienne","19":"tag-sante","20":"tag-societe"},"share_on_mastodon":{"url":"https:\/\/pubeurope.com\/@fr\/115411397019711153","error":""},"_links":{"self":[{"href":"https:\/\/www.europesays.com\/fr\/wp-json\/wp\/v2\/posts\/479111","targetHints":{"allow":["GET"]}}],"collection":[{"href":"https:\/\/www.europesays.com\/fr\/wp-json\/wp\/v2\/posts"}],"about":[{"href":"https:\/\/www.europesays.com\/fr\/wp-json\/wp\/v2\/types\/post"}],"author":[{"embeddable":true,"href":"https:\/\/www.europesays.com\/fr\/wp-json\/wp\/v2\/users\/2"}],"replies":[{"embeddable":true,"href":"https:\/\/www.europesays.com\/fr\/wp-json\/wp\/v2\/comments?post=479111"}],"version-history":[{"count":0,"href":"https:\/\/www.europesays.com\/fr\/wp-json\/wp\/v2\/posts\/479111\/revisions"}],"wp:featuredmedia":[{"embeddable":true,"href":"https:\/\/www.europesays.com\/fr\/wp-json\/wp\/v2\/media\/479112"}],"wp:attachment":[{"href":"https:\/\/www.europesays.com\/fr\/wp-json\/wp\/v2\/media?parent=479111"}],"wp:term":[{"taxonomy":"category","embeddable":true,"href":"https:\/\/www.europesays.com\/fr\/wp-json\/wp\/v2\/categories?post=479111"},{"taxonomy":"post_tag","embeddable":true,"href":"https:\/\/www.europesays.com\/fr\/wp-json\/wp\/v2\/tags?post=479111"}],"curies":[{"name":"wp","href":"https:\/\/api.w.org\/{rel}","templated":true}]}}