{"id":479113,"date":"2025-10-21T09:17:47","date_gmt":"2025-10-21T09:17:47","guid":{"rendered":"https:\/\/www.europesays.com\/fr\/479113\/"},"modified":"2025-10-21T09:17:47","modified_gmt":"2025-10-21T09:17:47","slug":"ligue-2-les-2-500-places-du-parcage-reserve-aux-supporters-de-lasse-vendues-en-14-minutes","status":"publish","type":"post","link":"https:\/\/www.europesays.com\/fr\/479113\/","title":{"rendered":"Ligue 2. Les 2\u200a500 places du parcage r\u00e9serv\u00e9 aux supporters de l\u2019ASSE vendues en 14 minutes"},"content":{"rendered":"<p>Un v\u00e9ritable raz-de-mar\u00e9e pour une vague verte attendue ce samedi (20 heures) pour le grand retour au Parc des Sports et la r\u00e9ception de l\u2019AS Saint-\u00c9tienne lors de la 11e journ\u00e9e de Ligue 2.<\/p>\n<p><strong><a href=\"https:\/\/www.ledauphine.com\/sport\/2025\/10\/20\/ligue-2-sur-quelle-chaine-regarder-le-derby-annecy-asse\" target=\"_blank\" rel=\"noopener\">&gt;&gt; O\u00f9 suivre la rencontre entre le FC Annecy et l&rsquo;AS Saint-\u00c9tienne\u00a0?<\/a><\/strong><\/p>\n<p>Apr\u00e8s avoir donn\u00e9 la priorit\u00e9 \u00e0 ses supporters la semaine derni\u00e8re, le FC Annecy a ouvert la vente au parcage visiteurs ce lundi. En l&rsquo;espace de 14 minutes, les 2 500 places r\u00e9serv\u00e9es aux St\u00e9phanois se sont arrach\u00e9es.<\/p>\n<p><a href=\"https:\/\/www.ledauphine.com\/sport\/calendrier-resultats\/football\/national-ligue-2\" target=\"_blank\" rel=\"noopener\"><strong>&gt;&gt;\u00a0Les r\u00e9sultats, le classement et le calendrier de Ligue 2<\/strong><\/a><\/p>\n<p>Il s\u2019agira de la plus grosse affluence de la saison en d\u00e9placement du fait d\u2019une zone \u00e9largie obtenue gr\u00e2ce \u00e0 la bonne collaboration entre le FCA, l\u2019ASSE et la Pr\u00e9fecture de Haute-Savoie.<\/p>\n","protected":false},"excerpt":{"rendered":"Un v\u00e9ritable raz-de-mar\u00e9e pour une vague verte attendue ce samedi (20 heures) pour le grand retour au Parc&hellip;\n","protected":false},"author":2,"featured_media":479114,"comment_status":"","ping_status":"","sticky":false,"template":"","format":"standard","meta":{"footnotes":""},"categories":[9653],"tags":[1111,11,3853,3854,3855,9443,2430,1777,674,20116,1701,1011,27,4638,1757,12636,12,25,4001,517,1947],"class_list":{"0":"post-479113","1":"post","2":"type-post","3":"status-publish","4":"format-standard","5":"has-post-thumbnail","7":"category-saint-etienne","8":"tag-actu","9":"tag-actualites","10":"tag-annecy","11":"tag-annecy-bassin","12":"tag-annecy-region","13":"tag-asse-as-saint-etienne","14":"tag-auvergne-rhone-alpes","15":"tag-eu","16":"tag-europe","17":"tag-fc-annecy","18":"tag-fil-info-sport","19":"tag-fr","20":"tag-france","21":"tag-haute-savoie","22":"tag-insolite","23":"tag-ligue-2-football","24":"tag-news","25":"tag-republique-francaise","26":"tag-saint-etienne","27":"tag-sport","28":"tag-sport-national"},"share_on_mastodon":{"url":"https:\/\/pubeurope.com\/@fr\/115411412757821524","error":""},"_links":{"self":[{"href":"https:\/\/www.europesays.com\/fr\/wp-json\/wp\/v2\/posts\/479113","targetHints":{"allow":["GET"]}}],"collection":[{"href":"https:\/\/www.europesays.com\/fr\/wp-json\/wp\/v2\/posts"}],"about":[{"href":"https:\/\/www.europesays.com\/fr\/wp-json\/wp\/v2\/types\/post"}],"author":[{"embeddable":true,"href":"https:\/\/www.europesays.com\/fr\/wp-json\/wp\/v2\/users\/2"}],"replies":[{"embeddable":true,"href":"https:\/\/www.europesays.com\/fr\/wp-json\/wp\/v2\/comments?post=479113"}],"version-history":[{"count":0,"href":"https:\/\/www.europesays.com\/fr\/wp-json\/wp\/v2\/posts\/479113\/revisions"}],"wp:featuredmedia":[{"embeddable":true,"href":"https:\/\/www.europesays.com\/fr\/wp-json\/wp\/v2\/media\/479114"}],"wp:attachment":[{"href":"https:\/\/www.europesays.com\/fr\/wp-json\/wp\/v2\/media?parent=479113"}],"wp:term":[{"taxonomy":"category","embeddable":true,"href":"https:\/\/www.europesays.com\/fr\/wp-json\/wp\/v2\/categories?post=479113"},{"taxonomy":"post_tag","embeddable":true,"href":"https:\/\/www.europesays.com\/fr\/wp-json\/wp\/v2\/tags?post=479113"}],"curies":[{"name":"wp","href":"https:\/\/api.w.org\/{rel}","templated":true}]}}