{"id":479126,"date":"2025-10-21T09:26:10","date_gmt":"2025-10-21T09:26:10","guid":{"rendered":"https:\/\/www.europesays.com\/fr\/479126\/"},"modified":"2025-10-21T09:26:10","modified_gmt":"2025-10-21T09:26:10","slug":"des-perturbations-annoncees-pour-le-debut-de-la-foire-saint-romain","status":"publish","type":"post","link":"https:\/\/www.europesays.com\/fr\/479126\/","title":{"rendered":"des perturbations annonc\u00e9es pour le d\u00e9but de la foire Saint-Romain"},"content":{"rendered":"<p>            Par<br \/>\n        <strong><br \/>\n            <a href=\"https:\/\/actu.fr\/auteur\/julien-bouteiller\" title=\"Consulter tous les articles de Julien Bouteiller\" target=\"_blank\" rel=\"noopener\">Julien Bouteiller<\/a><br \/>\n        <\/strong><\/p>\n<p>        Publi\u00e9 le<\/p>\n<p>            21 oct. 2025 \u00e0 10h38        <\/p>\n<p>Il faudra suivre les pr\u00e9visions exactes de trafic. Comme nous vous l\u2019annoncions, <a href=\"https:\/\/actu.fr\/normandie\/rouen_76540\/metro-et-bus-a-rouen-une-greve-annoncee-tous-les-weekends-jusqu-a-la-fin-de-l-annee_63311974.html\" target=\"_blank\" rel=\"noopener\">un pr\u00e9avis de gr\u00e8ve<\/a> a \u00e9t\u00e9 d\u00e9pos\u00e9 <strong>par la CGT de Transdev Rouen<\/strong>, et il occasionnera <strong>des perturbations dans les transports<\/strong> ce samedi 25 octobre 2025, en plein <a href=\"https:\/\/actu.fr\/normandie\/rouen_76540\/nouveautes-calendrier-modifie-tout-ce-qu-il-faut-savoir-sur-la-foire-saint-romain-2025-a-rouen_63308556.html\" target=\"_blank\" rel=\"noopener\">d\u00e9but de la foire Saint-Romain<\/a>.<\/p>\n<p>Gr\u00e8ve samedi dans les transports rouennais<\/p>\n<p class=\" wall-content\">Dans un communiqu\u00e9, le R\u00e9seau Astuce annonce d\u2019ores et d\u00e9j\u00e0 des perturbations \u00e0 pr\u00e9voir sur les lignes suivantes ce samedi :\u00a0<\/p>\n<ul class=\" wall-content\">\n<li><strong>M\u00e9tro<\/strong><\/li>\n<li><strong>Teor T1, T2, T3 et T4<\/strong><\/li>\n<li><strong>Fast F1, F2, F3, F4, F5, F7 et F8<\/strong><\/li>\n<li><strong>Lignes 10, 11, 15, 20, 22, 27, 41, 43<\/strong><\/li>\n<\/ul>\n<p class=\" wall-content\">Toujours selon le communiqu\u00e9 du r\u00e9seau, les autres lignes ne devraient pas \u00eatre touch\u00e9es par le mouvement de gr\u00e8ve. <strong>Les pr\u00e9visions exactes de trafic seront donn\u00e9es vendredi<\/strong>, \u00e0 la veille de la gr\u00e8ve.<\/p>\n<p class=\" wall-content\">Ce dernier n\u2019a pas vocation \u00e0 \u00eatre ponctuel puisque le pr\u00e9avis court<strong> jusqu\u2019au 27 d\u00e9cembre prochain<\/strong>. Il pr\u00e9voit des perturbations chaque weekend, du samedi 2h15 au dimanche m\u00eame heure.<\/p>\n<p class=\" wall-content\">La CGT revendique \u00ab l\u2019int\u00e9gration des temps annexes des conducteurs dans les services journaliers \u00bb, ainsi que \u00ab l\u2019arr\u00eat des appels \u00e0 la sous-traitance \u00bb.<\/p>\n<p>Suivez l\u2019actualit\u00e9 de Rouen <a href=\"https:\/\/www.whatsapp.com\/channel\/0029VaKfnf99hXF2ddApFB1D\" target=\"_blank\" rel=\"noopener\">sur notre cha\u00eene WhatsApp<\/a> et <a href=\"https:\/\/www.tiktok.com\/@76actu.fr?lang=fr\" target=\"_blank\" rel=\"noopener\">sur notre compte TikTok<\/a><\/p>\n<p class=\" wall-content\">Personnalisez votre actualit\u00e9 en ajoutant vos villes et m\u00e9dias en favori avec <a href=\"https:\/\/moncompte.actu.fr\" title=\"D\u00e9couvez Mon Actu\" rel=\"nofollow noopener\" data-trk=\"{&quot;cta&quot;:{&quot;action&quot;:&quot;https:\\\/\\\/moncompte.actu.fr&quot;,&quot;category&quot;:&quot;mon compte&quot;,&quot;from&quot;:&quot;article footer&quot;,&quot;name&quot;:&quot;Mon actu&quot;,&quot;type&quot;:&quot;cta&quot;}}\" target=\"_blank\">Mon Actu<\/a>.<\/p>\n<p>                    <script async src=\"\/\/www.tiktok.com\/embed.js\"><\/script><\/p>\n","protected":false},"excerpt":{"rendered":"Par Julien Bouteiller Publi\u00e9 le 21 oct. 2025 \u00e0 10h38 Il faudra suivre les pr\u00e9visions exactes de trafic.&hellip;\n","protected":false},"author":2,"featured_media":479127,"comment_status":"","ping_status":"","sticky":false,"template":"","format":"standard","meta":{"footnotes":""},"categories":[9587],"tags":[1111,11,1777,674,56523,1011,27,6151,12,5161,25,9726,9590,104],"class_list":{"0":"post-479126","1":"post","2":"type-post","3":"status-publish","4":"format-standard","5":"has-post-thumbnail","7":"category-rouen","8":"tag-actu","9":"tag-actualites","10":"tag-eu","11":"tag-europe","12":"tag-foire-saint-romain","13":"tag-fr","14":"tag-france","15":"tag-greve","16":"tag-news","17":"tag-normandie","18":"tag-republique-francaise","19":"tag-reseau-astuce-tcar","20":"tag-rouen","21":"tag-societe"},"share_on_mastodon":{"url":"https:\/\/pubeurope.com\/@fr\/115411444348295821","error":""},"_links":{"self":[{"href":"https:\/\/www.europesays.com\/fr\/wp-json\/wp\/v2\/posts\/479126","targetHints":{"allow":["GET"]}}],"collection":[{"href":"https:\/\/www.europesays.com\/fr\/wp-json\/wp\/v2\/posts"}],"about":[{"href":"https:\/\/www.europesays.com\/fr\/wp-json\/wp\/v2\/types\/post"}],"author":[{"embeddable":true,"href":"https:\/\/www.europesays.com\/fr\/wp-json\/wp\/v2\/users\/2"}],"replies":[{"embeddable":true,"href":"https:\/\/www.europesays.com\/fr\/wp-json\/wp\/v2\/comments?post=479126"}],"version-history":[{"count":0,"href":"https:\/\/www.europesays.com\/fr\/wp-json\/wp\/v2\/posts\/479126\/revisions"}],"wp:featuredmedia":[{"embeddable":true,"href":"https:\/\/www.europesays.com\/fr\/wp-json\/wp\/v2\/media\/479127"}],"wp:attachment":[{"href":"https:\/\/www.europesays.com\/fr\/wp-json\/wp\/v2\/media?parent=479126"}],"wp:term":[{"taxonomy":"category","embeddable":true,"href":"https:\/\/www.europesays.com\/fr\/wp-json\/wp\/v2\/categories?post=479126"},{"taxonomy":"post_tag","embeddable":true,"href":"https:\/\/www.europesays.com\/fr\/wp-json\/wp\/v2\/tags?post=479126"}],"curies":[{"name":"wp","href":"https:\/\/api.w.org\/{rel}","templated":true}]}}