{"id":479128,"date":"2025-10-21T09:27:12","date_gmt":"2025-10-21T09:27:12","guid":{"rendered":"https:\/\/www.europesays.com\/fr\/479128\/"},"modified":"2025-10-21T09:27:12","modified_gmt":"2025-10-21T09:27:12","slug":"sm-caen-meme-en-national-le-derby-entre-malherbe-et-rouen-est-un-match-a-hauts-risques","status":"publish","type":"post","link":"https:\/\/www.europesays.com\/fr\/479128\/","title":{"rendered":"SM Caen. M\u00eame en National, le derby entre Malherbe et Rouen est un match \u00ab\u00a0\u00e0 hauts risques\u00a0\u00bb"},"content":{"rendered":"<p>            Par<br \/>\n        <strong><br \/>\n            <a href=\"https:\/\/actu.fr\/auteur\/nicolas-claich\" title=\"Consulter tous les articles de Nicolas Claich\" target=\"_blank\" rel=\"noopener\">Nicolas Claich<\/a><br \/>\n        <\/strong><\/p>\n<p>        Publi\u00e9 le<\/p>\n<p>            21 oct. 2025 \u00e0 10h56        <\/p>\n<p>Pour le <b>Stade Malherbe Caen (Calvados)<\/b>, la r\u00e9ception du leader rouennais, ce mardi 21 octobre 2025, \u00e0 l\u2019occasion de la 11e journ\u00e9e de National, repr\u00e9sente un <b>important enjeu sportif<\/b>. En cas de d\u00e9faite, <a href=\"https:\/\/actu.fr\/normandie\/caen_14118\/sm-caen-maxime-dornano-on-sest-dit-les-choses-clairement-et-ca-piquait_63325744.html\" target=\"_blank\" rel=\"noopener\">les hommes de Maxime d\u2019Ornano<\/a> se retrouveraient, d\u00e9j\u00e0, \u00e0 13 points de leurs voisins.\u00a0<\/p>\n<p class=\" wall-content\">Pour les autorit\u00e9s, ce derby repr\u00e9sente surtout un match \u00ab\u00a0<b>\u00e0 hauts risques<\/b>\u00ab\u00a0. La Division nationale de lutte contre le hooliganisme (DNLH) l\u2019a ainsi class\u00e9 <b>en niveau 2<\/b> (match pr\u00e9sentant des risques de trouble \u00e0 l\u2019ordre public), <b>au vu des ant\u00e9c\u00e9dents<\/b> entre les deux clubs et des relations entre les ultras de chaque camp.\u00a0<\/p>\n<p>Ant\u00e9c\u00e9dents et provocations<\/p>\n<p class=\" wall-content\">En mars 2023, \u00e0 l\u2019occasion d\u2019une rencontre de National 2 entre l\u2019\u00e9quipe r\u00e9serve du SMC et le FC Rouen, <b>une rixe<\/b> avait oppos\u00e9 des supporters des deux \u00e9quipes <a href=\"https:\/\/actu.fr\/normandie\/caen_14118\/video-une-bagarre-a-oppose-des-supporters-de-caen-a-rouen-avant-le-match-de-national-2_58406633.html\" target=\"_blank\" rel=\"noopener\">sur le boulevard Pompidou<\/a>, n\u00e9cessitant l\u2019intervention des forces de l\u2019ordre.<\/p>\n<p class=\" wall-content\">Et, le 5 d\u00e9cembre 2024, les ultras rouennais, revenant d\u2019un d\u00e9placement \u00e0 Avranches, avaient <b>tagu\u00e9 un mur du stade d\u2019Ornano<\/b> avec l\u2019inscription \u00ab\u00a0Rouen Fan\u2019s \u2013 La Normandie est rouge et blanche\u00a0\u00bb. \u00ab\u00a0Cet acte est <b>consid\u00e9r\u00e9 comme une provocation<\/b> par les ultras caennais\u00a0\u00bb, observe la Pr\u00e9fecture du Calvados.<\/p>\n<p>Les supporters de Rouen escort\u00e9s par la police<\/p>\n<p class=\" wall-content\">Le repr\u00e9sentant de l\u2019Etat dans le d\u00e9partement<b> n\u2019a pas interdit le d\u00e9placement<\/b> des supporters seinomarins, mais a d\u00e9cid\u00e9 de l\u2019encadrer. Les bus et mini-bus des fans du FC Rouen seront <b>pris en charge<\/b> \u00ab\u00a0sous escorte des forces de l\u2019ordre\u00a0\u00bb au niveau de <b>l\u2019aire de repos de Giberville<\/b>, sur l\u2019autoroute A13, \u00e0 18h45. \u00ab\u00a0Ils seront accompagn\u00e9s (jusqu\u2019au stade) selon un itin\u00e9raire impos\u00e9 par les forces de l\u2019ordre\u00a0\u00bb, pr\u00e9cise la Pr\u00e9fecture. Apr\u00e8s le match, ils y seront reconduits de la m\u00eame mani\u00e8re.<\/p>\n<p>Fumig\u00e8nes, peinture et armes interdits<\/p>\n<p class=\" wall-content\">Par ailleurs, la Pr\u00e9fecture a aussi interdit, dans un large p\u00e9rim\u00e8tre autour du stade d\u2019Ornano, o\u00f9 sont attendues plus de 15 000 personnes, le \u00ab\u00a0port d\u2019armes et de tous objets susceptibles de constituer une arme\u00a0\u00bb, les \u00ab\u00a0articles pyrotechniques\u00a0\u00bb, ainsi que les \u00ab\u00a0produits de recouvrement (peinture, vernis, bombe a\u00e9rosol\u2026)\u00a0\u00bb.<\/p>\n<p class=\" wall-content\">Personnalisez votre actualit\u00e9 en ajoutant vos villes et m\u00e9dias en favori avec <a href=\"https:\/\/moncompte.actu.fr\" title=\"D\u00e9couvez Mon Actu\" rel=\"nofollow noopener\" data-trk=\"{&quot;cta&quot;:{&quot;action&quot;:&quot;https:\\\/\\\/moncompte.actu.fr&quot;,&quot;category&quot;:&quot;mon compte&quot;,&quot;from&quot;:&quot;article footer&quot;,&quot;name&quot;:&quot;Mon actu&quot;,&quot;type&quot;:&quot;cta&quot;}}\" target=\"_blank\">Mon Actu<\/a>.<\/p>\n","protected":false},"excerpt":{"rendered":"Par Nicolas Claich Publi\u00e9 le 21 oct. 2025 \u00e0 10h56 Pour le Stade Malherbe Caen (Calvados), la r\u00e9ception&hellip;\n","protected":false},"author":2,"featured_media":479129,"comment_status":"","ping_status":"","sticky":false,"template":"","format":"standard","meta":{"footnotes":""},"categories":[9587],"tags":[1111,11,1777,674,12003,25068,63,1011,27,12,5161,25,9590,60,266],"class_list":{"0":"post-479128","1":"post","2":"type-post","3":"status-publish","4":"format-standard","5":"has-post-thumbnail","7":"category-rouen","8":"tag-actu","9":"tag-actualites","10":"tag-eu","11":"tag-europe","12":"tag-fc-rouen","13":"tag-foot-normandie","14":"tag-football","15":"tag-fr","16":"tag-france","17":"tag-news","18":"tag-normandie","19":"tag-republique-francaise","20":"tag-rouen","21":"tag-sports","22":"tag-stade-malherbe-de-caen"},"share_on_mastodon":{"url":"https:\/\/pubeurope.com\/@fr\/115411448234912505","error":""},"_links":{"self":[{"href":"https:\/\/www.europesays.com\/fr\/wp-json\/wp\/v2\/posts\/479128","targetHints":{"allow":["GET"]}}],"collection":[{"href":"https:\/\/www.europesays.com\/fr\/wp-json\/wp\/v2\/posts"}],"about":[{"href":"https:\/\/www.europesays.com\/fr\/wp-json\/wp\/v2\/types\/post"}],"author":[{"embeddable":true,"href":"https:\/\/www.europesays.com\/fr\/wp-json\/wp\/v2\/users\/2"}],"replies":[{"embeddable":true,"href":"https:\/\/www.europesays.com\/fr\/wp-json\/wp\/v2\/comments?post=479128"}],"version-history":[{"count":0,"href":"https:\/\/www.europesays.com\/fr\/wp-json\/wp\/v2\/posts\/479128\/revisions"}],"wp:featuredmedia":[{"embeddable":true,"href":"https:\/\/www.europesays.com\/fr\/wp-json\/wp\/v2\/media\/479129"}],"wp:attachment":[{"href":"https:\/\/www.europesays.com\/fr\/wp-json\/wp\/v2\/media?parent=479128"}],"wp:term":[{"taxonomy":"category","embeddable":true,"href":"https:\/\/www.europesays.com\/fr\/wp-json\/wp\/v2\/categories?post=479128"},{"taxonomy":"post_tag","embeddable":true,"href":"https:\/\/www.europesays.com\/fr\/wp-json\/wp\/v2\/tags?post=479128"}],"curies":[{"name":"wp","href":"https:\/\/api.w.org\/{rel}","templated":true}]}}