{"id":47913,"date":"2025-04-24T00:45:11","date_gmt":"2025-04-24T00:45:11","guid":{"rendered":"https:\/\/www.europesays.com\/fr\/47913\/"},"modified":"2025-04-24T00:45:11","modified_gmt":"2025-04-24T00:45:11","slug":"marseille-des-forces-de-lordre-deployees-de-partout-voici-ce-quil-se-passe","status":"publish","type":"post","link":"https:\/\/www.europesays.com\/fr\/47913\/","title":{"rendered":"Marseille. Des forces de l&rsquo;ordre d\u00e9ploy\u00e9es de partout, voici ce qu&rsquo;il se passe"},"content":{"rendered":"<p>            Par<br \/>\n        <strong><br \/>\n            <a href=\"https:\/\/actu.fr\/auteur\/fabien-binacchi\" title=\"Consulter tous les articles de Fabien Binacchi\" rel=\"nofollow noopener\" target=\"_blank\">Fabien Binacchi<\/a><br \/>\n        <\/strong><\/p>\n<p>        Publi\u00e9 le<\/p>\n<p>            23 avr. 2025 \u00e0 11h08        <\/p>\n<p>Elles sont partout. Dans les gares, aux p\u00e9ages, sur la voie publique et dans les commerces\u2026 Depuis ce matin du mercredi 23\u00a0avril, <strong>un important dispositif des forces de l\u2019ordre<\/strong> est d\u00e9ploy\u00e9 \u00e0 <a href=\"https:\/\/actu.fr\/marseille\/\" rel=\"nofollow noopener\" target=\"_blank\">Marseille<\/a> et dans le d\u00e9partement des <a href=\"https:\/\/actu.fr\/provence-alpes-cote-d-azur\/bouches-du-rhone_13\" rel=\"nofollow noopener\" target=\"_blank\">Bouches-du-Rh\u00f4ne.<\/a><\/p>\n<p class=\" wall-content\">On vous explique ce qu\u2019il se passe.<\/p>\n<p>\u00ab\u2009Restauration de la s\u00e9curit\u00e9\u2009\u00bb<\/p>\n<p class=\" wall-content\">Si vous croisez un nombre important de policiers et de gendarmes ce mercredi 23\u00a0avril dans les rues de Marseille et du d\u00e9partement, pas de panique.<\/p>\n<p class=\" wall-content\">Sur <a href=\"https:\/\/x.com\/prefpolice13\/status\/1914956790388732154\" rel=\"nofollow\">ses r\u00e9seaux sociaux<\/a>, la pr\u00e9fecture des Bouches-du-Rh\u00f4ne a elle-m\u00eame donn\u00e9 la raison de cette impressionnante pr\u00e9sence des forces de l\u2019ordre\u2009: une \u00ab\u2009op\u00e9ration massive de restauration de la s\u00e9curit\u00e9 du quotidien\u2009\u00bb, appel\u00e9e <strong>\u00ab\u2009Jumbo\u2009\u00bb<\/strong> et men\u00e9e <strong>sur instruction du ministre de l\u2019Int\u00e9rieur Bruno Retailleau <\/strong>avec le renfort de sept compagnies de CRS.<\/p>\n<p class=\" wall-content\">Elle \u00e9voque notamment, photos \u00e0 l\u2019appui, des contr\u00f4les au p\u00e9age de <strong>La Ciotat<\/strong> ou encore du c\u00f4t\u00e9 de la <strong>place Marceau, dans le 2e arrondissement<\/strong> de la cit\u00e9 phoc\u00e9enne, \u00ab\u2009o\u00f9 les policiers de la de CRS 29 sont mobilis\u00e9s en mission de s\u00e9curisation\u2009\u00bb. \u00ab\u2009Une op\u00e9ration de contr\u00f4le\u2009\u00bb se d\u00e9roule aussi \u00ab\u2009dans le secteur gare Saint-Charles\u2009\u00bb et \u00ab\u2009dans les transports collectifs de voyageurs [\u2026] sur le secteur du cours Belsunce\u2009\u00bb, indique la police.<\/p>\n<p>Vid\u00e9os : en ce moment sur Actu<\/p>\n<p class=\" wall-content\">\n<p>\u00ab\u2009Pr\u00e8s de 1000\u2009\u00bb forces de l\u2019ordre<\/p>\n<p class=\" wall-content\">\u00ab\u2009De grands contr\u00f4les sont men\u00e9s simultan\u00e9ment dans les rues, les commerces, les transports, les grands axes routiers et cela avec le renfort de sept compagnies de CRS\u2009\u00bb, indique-t-elle notamment, dans un post publi\u00e9 sur X.<\/p>\n<p class=\" wall-content\">Au total, toujours selon la pr\u00e9fecture, ce sont \u00ab\u2009pr\u00e8s de <strong>1\u2009000 policiers, gendarmes, CRS, douaniers<\/strong>, agents des services de l\u2019\u00c9tat\u2009\u00bb qui sont \u00ab\u2009d\u00e9ploy\u00e9s dans le d\u00e9partement\u2009\u00bb.<\/p>\n<p class=\" wall-content\">\n<p class=\" wall-content\">Elle esp\u00e8re r\u00e9aliser \u00ab\u2009<strong>un grand coup de filet<\/strong> sur la d\u00e9linquance, les trafics, la fraude et les nuisances\u2009\u00bb, dont un bilan devrait \u00eatre dress\u00e9 \u00e0 l\u2019issue.<\/p>\n<p class=\" wall-content\">Suivez toute l\u2019actualit\u00e9 de vos villes et m\u00e9dias favoris en vous inscrivant \u00e0 <a href=\"https:\/\/moncompte.actu.fr\" title=\"D\u00e9couvez Mon Actu\" rel=\"nofollow noopener\" data-trk=\"{&quot;cta&quot;:{&quot;action&quot;:&quot;https:\\\/\\\/moncompte.actu.fr&quot;,&quot;category&quot;:&quot;mon compte&quot;,&quot;from&quot;:&quot;article footer&quot;,&quot;name&quot;:&quot;Mon actu&quot;,&quot;type&quot;:&quot;cta&quot;}}\" target=\"_blank\">Mon Actu<\/a>.<\/p>\n","protected":false},"excerpt":{"rendered":"Par Fabien Binacchi Publi\u00e9 le 23 avr. 2025 \u00e0 11h08 Elles sont partout. Dans les gares, aux p\u00e9ages,&hellip;\n","protected":false},"author":2,"featured_media":47914,"comment_status":"","ping_status":"","sticky":false,"template":"","format":"standard","meta":{"footnotes":""},"categories":[2814],"tags":[1111,11,1777,674,1011,27,3381,884,12,1072,882,25,104],"class_list":{"0":"post-47913","1":"post","2":"type-post","3":"status-publish","4":"format-standard","5":"has-post-thumbnail","7":"category-marseille","8":"tag-actu","9":"tag-actualites","10":"tag-eu","11":"tag-europe","12":"tag-fr","13":"tag-france","14":"tag-gendarmerie","15":"tag-marseille","16":"tag-news","17":"tag-police","18":"tag-provence-alpes-cote-dazur","19":"tag-republique-francaise","20":"tag-societe"},"share_on_mastodon":{"url":"https:\/\/pubeurope.com\/@fr\/114390179763256431","error":""},"_links":{"self":[{"href":"https:\/\/www.europesays.com\/fr\/wp-json\/wp\/v2\/posts\/47913","targetHints":{"allow":["GET"]}}],"collection":[{"href":"https:\/\/www.europesays.com\/fr\/wp-json\/wp\/v2\/posts"}],"about":[{"href":"https:\/\/www.europesays.com\/fr\/wp-json\/wp\/v2\/types\/post"}],"author":[{"embeddable":true,"href":"https:\/\/www.europesays.com\/fr\/wp-json\/wp\/v2\/users\/2"}],"replies":[{"embeddable":true,"href":"https:\/\/www.europesays.com\/fr\/wp-json\/wp\/v2\/comments?post=47913"}],"version-history":[{"count":0,"href":"https:\/\/www.europesays.com\/fr\/wp-json\/wp\/v2\/posts\/47913\/revisions"}],"wp:featuredmedia":[{"embeddable":true,"href":"https:\/\/www.europesays.com\/fr\/wp-json\/wp\/v2\/media\/47914"}],"wp:attachment":[{"href":"https:\/\/www.europesays.com\/fr\/wp-json\/wp\/v2\/media?parent=47913"}],"wp:term":[{"taxonomy":"category","embeddable":true,"href":"https:\/\/www.europesays.com\/fr\/wp-json\/wp\/v2\/categories?post=47913"},{"taxonomy":"post_tag","embeddable":true,"href":"https:\/\/www.europesays.com\/fr\/wp-json\/wp\/v2\/tags?post=47913"}],"curies":[{"name":"wp","href":"https:\/\/api.w.org\/{rel}","templated":true}]}}