{"id":479156,"date":"2025-10-21T09:42:21","date_gmt":"2025-10-21T09:42:21","guid":{"rendered":"https:\/\/www.europesays.com\/fr\/479156\/"},"modified":"2025-10-21T09:42:21","modified_gmt":"2025-10-21T09:42:21","slug":"golden-monoltihs-par-spy-studio-pour-lille3000-2025","status":"publish","type":"post","link":"https:\/\/www.europesays.com\/fr\/479156\/","title":{"rendered":"Golden Monoltihs, par SpY Studio pour Lille3000, 2025"},"content":{"rendered":"<p>&#13;<br \/>\n\tInstall\u00e9s de part et d\u2019autre de la rue Faidherbe, qui connecte l\u2019Op\u00e9ra de Lille \u00e0 la gare Lille Flandres, 14 conteneurs dor\u00e9s \u00e9rig\u00e9s \u00e0 la verticale s&rsquo;inscrivent dans la manifestation culturelle Lille3000. Cette oeuvre monumentale de l&rsquo;artiste espagnol SpY intitul\u00e9e \u00abGolden Monolith\u00bb r\u00e9pond \u00e0 la th\u00e9matique \u00ab Fiesta\u00bb. Afin de\u2009reconfigurer notre vision quotidienne de la ville, l&rsquo;artiste \u00abtransforme des objets industriels en symboles tot\u00e9miques et alt\u00e8re notre perception de l\u2019espace.\u2009La rue\u2009cesse d\u2019\u00eatre une simple zone de passage et devient un couloir rituel, un passage entre des colonnes monolithiques auxquelles le public se confronte. Les passants, d\u00e9sormais actifs, se retrouvent immerg\u00e9s dans un dialogue avec des volumes imposants, symboles d\u2019une \u00e9poque marqu\u00e9e par flux et \u00e9changes.\u2009\u00bb explique SpY. 7 des 14 conteneurs sont alors interactifs : le premier propose des messages en braille \u00e0 d\u00e9crypter, le second et le troisi\u00e8me interrogent la parole et l&rsquo;\u00e9coute \u00e0 travers des tubes permettant une communication ludique entre les visiteurs, mais \u00e9galement la diffusion de sons de la faune et la flore. Le quatri\u00e8me fait appel \u00e0 la vue et le cinqui\u00e8me \u00e0 l&rsquo;odorat. Enfin le sixi\u00e8me pose des questions aux visiteurs, et le septi\u00e8me agit comme un p\u00e9riscope.<\/p>\n<ul class=\"horsTexteFicheTechnique\">&#13;<\/p>\n<li>&#13;<br \/>\n\t\t<b>Golden Monoliths<\/b><\/li>\n<p>&#13;<\/p>\n<li>&#13;<br \/>\n\t\t<b>Rue Faidherbe, Lille<\/b><\/li>\n<p>&#13;<\/p>\n<li>&#13;<br \/>\n\t\t<b>Jusqu&rsquo;au 9 novembre 2025<\/b><\/li>\n<p>&#13;\n<\/ul>\n","protected":false},"excerpt":{"rendered":"&#13; Install\u00e9s de part et d\u2019autre de la rue Faidherbe, qui connecte l\u2019Op\u00e9ra de Lille \u00e0 la gare&hellip;\n","protected":false},"author":2,"featured_media":479157,"comment_status":"","ping_status":"","sticky":false,"template":"","format":"standard","meta":{"footnotes":""},"categories":[2815],"tags":[60252,1111,11,19009,4763,13639,1777,674,1011,27,811,1307,12,25],"class_list":{"0":"post-479156","1":"post","2":"type-post","3":"status-publish","4":"format-standard","5":"has-post-thumbnail","7":"category-lille","8":"tag-59-nord","9":"tag-actu","10":"tag-actualites","11":"tag-actualitu00e9s","12":"tag-agenda","13":"tag-appel-u00e0-projets","14":"tag-eu","15":"tag-europe","16":"tag-fr","17":"tag-france","18":"tag-hauts-de-france","19":"tag-lille","20":"tag-news","21":"tag-republique-francaise"},"share_on_mastodon":{"url":"https:\/\/pubeurope.com\/@fr\/115411507268292193","error":""},"_links":{"self":[{"href":"https:\/\/www.europesays.com\/fr\/wp-json\/wp\/v2\/posts\/479156","targetHints":{"allow":["GET"]}}],"collection":[{"href":"https:\/\/www.europesays.com\/fr\/wp-json\/wp\/v2\/posts"}],"about":[{"href":"https:\/\/www.europesays.com\/fr\/wp-json\/wp\/v2\/types\/post"}],"author":[{"embeddable":true,"href":"https:\/\/www.europesays.com\/fr\/wp-json\/wp\/v2\/users\/2"}],"replies":[{"embeddable":true,"href":"https:\/\/www.europesays.com\/fr\/wp-json\/wp\/v2\/comments?post=479156"}],"version-history":[{"count":0,"href":"https:\/\/www.europesays.com\/fr\/wp-json\/wp\/v2\/posts\/479156\/revisions"}],"wp:featuredmedia":[{"embeddable":true,"href":"https:\/\/www.europesays.com\/fr\/wp-json\/wp\/v2\/media\/479157"}],"wp:attachment":[{"href":"https:\/\/www.europesays.com\/fr\/wp-json\/wp\/v2\/media?parent=479156"}],"wp:term":[{"taxonomy":"category","embeddable":true,"href":"https:\/\/www.europesays.com\/fr\/wp-json\/wp\/v2\/categories?post=479156"},{"taxonomy":"post_tag","embeddable":true,"href":"https:\/\/www.europesays.com\/fr\/wp-json\/wp\/v2\/tags?post=479156"}],"curies":[{"name":"wp","href":"https:\/\/api.w.org\/{rel}","templated":true}]}}