{"id":479164,"date":"2025-10-21T09:46:19","date_gmt":"2025-10-21T09:46:19","guid":{"rendered":"https:\/\/www.europesays.com\/fr\/479164\/"},"modified":"2025-10-21T09:46:19","modified_gmt":"2025-10-21T09:46:19","slug":"prison-ferme-prononcee-a-lyon-contre-les-escrocs-aux-millions-deuros","status":"publish","type":"post","link":"https:\/\/www.europesays.com\/fr\/479164\/","title":{"rendered":"prison ferme prononc\u00e9e \u00e0 Lyon contre les escrocs aux millions d&rsquo;euros"},"content":{"rendered":"<p itemprop=\"description\"><strong>C&rsquo;est un r\u00e9seau d&rsquo;escroquerie compos\u00e9 d&rsquo;une quinzaine de personnes qui a \u00e9t\u00e9 jug\u00e9 et condamn\u00e9 par le tribunal correctionnel de Lyon.<\/strong><\/p>\n<p>Ses membres rep\u00e9raient des chantiers, prenaient les coordonn\u00e9es des entreprises qui intervenaient, puis r\u00e9cup\u00e9raient toutes leurs donn\u00e9es n\u00e9cessaires pour se faire passer pour ces derni\u00e8res aupr\u00e8s des clients. L&rsquo;objectif \u00e9tait simple : se faire payer les prestations r\u00e9alis\u00e9es.<\/p>\n<p>Au total, douze victimes sont tomb\u00e9es dans le panneau, pour un pr\u00e9judice total de plusieurs millions d&rsquo;euros transf\u00e9r\u00e9s sur les RIB des escrocs plut\u00f4t que ceux des entreprises des chantiers.<\/p>\n<p>La victime la plus connue se nomme Rino Baldi, un magicien lyonnais qui a vers\u00e9 415 000 euros \u00e0 celui qu&rsquo;il pensait \u00eatre le prestataire qui intervenait sur un entrep\u00f4t de V\u00e9nissieux cens\u00e9 devenir une salle de spectacles.<\/p>\n<p>Les trois cerveaux de l&rsquo;affaire ont \u00e9cop\u00e9 des peines les plus importantes. Un homme de 57 ans a \u00e9t\u00e9 condamn\u00e9 \u00e0 2 ans de prison, qu&rsquo;il a d\u00e9j\u00e0 effectu\u00e9 en d\u00e9tention provisoire, et \u00e0 15 000 euros d&rsquo;amende. Un individu de 38 ans, actuellement en cavale, doit faire 5 ans de prison et verser 40 000 euros d&rsquo;amende lorsqu&rsquo;il sera retrouv\u00e9 par les autorit\u00e9s qui ont \u00e9mis un mandat d&rsquo;arr\u00eat \u00e0 son encontre. Quant au leader de 42 ans, une peine de 6 ans de prison ferme et 50 000 euros d&rsquo;amende a \u00e9t\u00e9 prononc\u00e9e.<\/p>\n<p>Pour les douze autres pr\u00e9venus participant au r\u00e9seau d&rsquo;escroquerie, les peines vont de 8 \u00e0 18 mois de prison.<\/p>\n<p>Quant \u00e0 l&rsquo;argent d\u00e9tourn\u00e9, il s&rsquo;est volatilis\u00e9, tr\u00e8s vite vir\u00e9 sur d&rsquo;autres comptes afin de brouiller les pistes.<\/p>\n","protected":false},"excerpt":{"rendered":"C&rsquo;est un r\u00e9seau d&rsquo;escroquerie compos\u00e9 d&rsquo;une quinzaine de personnes qui a \u00e9t\u00e9 jug\u00e9 et condamn\u00e9 par le tribunal&hellip;\n","protected":false},"author":2,"featured_media":479165,"comment_status":"","ping_status":"","sticky":false,"template":"","format":"standard","meta":{"footnotes":""},"categories":[1889],"tags":[1111,11,2813,2190,2430,1109,251,1112,2811,1777,674,118,1011,27,1922,1110,1114,2428,2810,12,241,316,25,2812,517,800],"class_list":{"0":"post-479164","1":"post","2":"type-post","3":"status-publish","4":"format-standard","5":"has-post-thumbnail","7":"category-lyon","8":"tag-actu","9":"tag-actualites","10":"tag-article","11":"tag-asvel","12":"tag-auvergne-rhone-alpes","13":"tag-breves","14":"tag-culture","15":"tag-depeches","16":"tag-economique","17":"tag-eu","18":"tag-europe","19":"tag-faits-divers","20":"tag-fr","21":"tag-france","22":"tag-info","23":"tag-informations","24":"tag-infos","25":"tag-lyon","26":"tag-lyonmag","27":"tag-news","28":"tag-ol","29":"tag-politique","30":"tag-republique-francaise","31":"tag-sociale","32":"tag-sport","33":"tag-transports"},"share_on_mastodon":{"url":"https:\/\/pubeurope.com\/@fr\/115411522969479342","error":""},"_links":{"self":[{"href":"https:\/\/www.europesays.com\/fr\/wp-json\/wp\/v2\/posts\/479164","targetHints":{"allow":["GET"]}}],"collection":[{"href":"https:\/\/www.europesays.com\/fr\/wp-json\/wp\/v2\/posts"}],"about":[{"href":"https:\/\/www.europesays.com\/fr\/wp-json\/wp\/v2\/types\/post"}],"author":[{"embeddable":true,"href":"https:\/\/www.europesays.com\/fr\/wp-json\/wp\/v2\/users\/2"}],"replies":[{"embeddable":true,"href":"https:\/\/www.europesays.com\/fr\/wp-json\/wp\/v2\/comments?post=479164"}],"version-history":[{"count":0,"href":"https:\/\/www.europesays.com\/fr\/wp-json\/wp\/v2\/posts\/479164\/revisions"}],"wp:featuredmedia":[{"embeddable":true,"href":"https:\/\/www.europesays.com\/fr\/wp-json\/wp\/v2\/media\/479165"}],"wp:attachment":[{"href":"https:\/\/www.europesays.com\/fr\/wp-json\/wp\/v2\/media?parent=479164"}],"wp:term":[{"taxonomy":"category","embeddable":true,"href":"https:\/\/www.europesays.com\/fr\/wp-json\/wp\/v2\/categories?post=479164"},{"taxonomy":"post_tag","embeddable":true,"href":"https:\/\/www.europesays.com\/fr\/wp-json\/wp\/v2\/tags?post=479164"}],"curies":[{"name":"wp","href":"https:\/\/api.w.org\/{rel}","templated":true}]}}