{"id":479173,"date":"2025-10-21T09:52:10","date_gmt":"2025-10-21T09:52:10","guid":{"rendered":"https:\/\/www.europesays.com\/fr\/479173\/"},"modified":"2025-10-21T09:52:10","modified_gmt":"2025-10-21T09:52:10","slug":"hauts-de-seine-un-adolescent-de-14-ans-meurt-electrocute-apres-etre-monte-sur-un-train","status":"publish","type":"post","link":"https:\/\/www.europesays.com\/fr\/479173\/","title":{"rendered":"Hauts-de-Seine\u00a0: un adolescent de 14\u00a0ans meurt \u00e9lectrocut\u00e9 apr\u00e8s \u00eatre mont\u00e9 sur un train"},"content":{"rendered":"<p class=\"paragraph text_align_left lp-f-body-02\">Le drame a eu lieu en fin d\u2019apr\u00e8s-midi, ce lundi, dans une zone industrielle du port de <a href=\"https:\/\/www.leparisien.fr\/hauts-de-seine-92\/gennevilliers-92230\/\" target=\"_self\" rel=\"noopener\">Gennevilliers<\/a> <a href=\"https:\/\/www.leparisien.fr\/hauts-de-seine-92\/\" target=\"_self\" rel=\"noopener\">(Hauts-de-Seine)<\/a>. Aux alentours de 17h30, un adolescent de 14 ans est mort, \u00e9lectrocut\u00e9 apr\u00e8s \u00eatre mont\u00e9 sur le toit de la rame d\u2019un train de marchandises.<\/p>\n<p class=\"paragraph text_align_left lp-f-body-02\">D\u2019apr\u00e8s une source polici\u00e8re, <a href=\"https:\/\/www.leparisien.fr\/essonne-91\/grigny-un-amateur-durbex-decouvre-un-cadavre-dans-un-batiment-abandonne-14-10-2024-E2QYEOYIHBHPTAJRDWV5YTZC74.php\" target=\"_self\" rel=\"noopener\">la victime \u00e9tait adepte d\u2019urbex<\/a> et une explosion a eu lieu au moment de l\u2019\u00e9lectrocution. Toujours selon cette m\u00eame source, l\u2019adolescent est mort \u00ab sur le coup, suite au choc \u00e9lectrique \u00bb.<\/p>\n<p>La victime originaire de Gennevilliers<\/p>\n<p class=\"paragraph text_align_left lp-f-body-02\">Selon une autre source, l\u2019adolescent \u00e9tait accompagn\u00e9 d\u2019un autre et est mont\u00e9 sur \u00ab un wagon du faisceau ferr\u00e9 sud du port \u00bb, un r\u00e9seau qui sert \u00e0 la logistique. Toujours d\u2019apr\u00e8s cette source, Patrice Leclerc, maire (PCF) de Gennevilliers \u00e9tait en compagnie de la famille de la victime ce matin. Se pose d\u00e9sormais la question de savoir s\u2019il s\u2019agissait d\u2019un d\u00e9fi entre adolescents.<\/p>\n<p class=\"paragraph text_align_left lp-f-body-02\">Une enqu\u00eate a \u00e9t\u00e9 confi\u00e9e au commissariat local pour faire la lumi\u00e8re sur les circonstances de la mort de jeune homme, domicili\u00e9 \u00e0 Gennevilliers, dans le quartier des Gr\u00e9sillons. <\/p>\n<p class=\"paragraph text_align_left lp-f-body-02\">Ce n\u2019est pas la premi\u00e8re fois en tout cas que ce type de faits se produit dans la zone industrielle du port. En mai 2025, un adolescent de 15 ans avait lui-aussi escalad\u00e9 un wagon stationn\u00e9 sur une voie ferr\u00e9e. Trop pr\u00e8s de la cat\u00e9naire, <a href=\"https:\/\/www.leparisien.fr\/hauts-de-seine-92\/gennevilliers-un-ado-de-15-ans-tres-gravement-brule-apres-avoir-ete-electrise-sur-les-voies-ferrees-30-05-2025-ZGNZMYWK3JHZBHLKN3KBGURNHM.php\" target=\"_self\" rel=\"noopener\">il avait pris feu<\/a> et avait \u00e9t\u00e9 hospitalis\u00e9 dans un \u00e9tat grave.<\/p>\n","protected":false},"excerpt":{"rendered":"Le drame a eu lieu en fin d\u2019apr\u00e8s-midi, ce lundi, dans une zone industrielle du port de Gennevilliers&hellip;\n","protected":false},"author":2,"featured_media":479174,"comment_status":"","ping_status":"","sticky":false,"template":"","format":"standard","meta":{"footnotes":""},"categories":[1888],"tags":[11,1777,674,118,1011,27,3314,1944,12,626,25],"class_list":{"0":"post-479173","1":"post","2":"type-post","3":"status-publish","4":"format-standard","5":"has-post-thumbnail","7":"category-paris","8":"tag-actualites","9":"tag-eu","10":"tag-europe","11":"tag-faits-divers","12":"tag-fr","13":"tag-france","14":"tag-hauts-de-seine","15":"tag-ma-ville","16":"tag-news","17":"tag-paris","18":"tag-republique-francaise"},"share_on_mastodon":{"url":"https:\/\/pubeurope.com\/@fr\/115411546528166536","error":""},"_links":{"self":[{"href":"https:\/\/www.europesays.com\/fr\/wp-json\/wp\/v2\/posts\/479173","targetHints":{"allow":["GET"]}}],"collection":[{"href":"https:\/\/www.europesays.com\/fr\/wp-json\/wp\/v2\/posts"}],"about":[{"href":"https:\/\/www.europesays.com\/fr\/wp-json\/wp\/v2\/types\/post"}],"author":[{"embeddable":true,"href":"https:\/\/www.europesays.com\/fr\/wp-json\/wp\/v2\/users\/2"}],"replies":[{"embeddable":true,"href":"https:\/\/www.europesays.com\/fr\/wp-json\/wp\/v2\/comments?post=479173"}],"version-history":[{"count":0,"href":"https:\/\/www.europesays.com\/fr\/wp-json\/wp\/v2\/posts\/479173\/revisions"}],"wp:featuredmedia":[{"embeddable":true,"href":"https:\/\/www.europesays.com\/fr\/wp-json\/wp\/v2\/media\/479174"}],"wp:attachment":[{"href":"https:\/\/www.europesays.com\/fr\/wp-json\/wp\/v2\/media?parent=479173"}],"wp:term":[{"taxonomy":"category","embeddable":true,"href":"https:\/\/www.europesays.com\/fr\/wp-json\/wp\/v2\/categories?post=479173"},{"taxonomy":"post_tag","embeddable":true,"href":"https:\/\/www.europesays.com\/fr\/wp-json\/wp\/v2\/tags?post=479173"}],"curies":[{"name":"wp","href":"https:\/\/api.w.org\/{rel}","templated":true}]}}