{"id":479181,"date":"2025-10-21T09:56:10","date_gmt":"2025-10-21T09:56:10","guid":{"rendered":"https:\/\/www.europesays.com\/fr\/479181\/"},"modified":"2025-10-21T09:56:10","modified_gmt":"2025-10-21T09:56:10","slug":"vingt-milliards-de-dollars-daide-americaine-une-valve-a-oxygene-pour-milei","status":"publish","type":"post","link":"https:\/\/www.europesays.com\/fr\/479181\/","title":{"rendered":"Vingt milliards de dollars d\u2019aide am\u00e9ricaine, une \u201cvalve \u00e0 oxyg\u00e8ne\u201d pour Milei"},"content":{"rendered":"\n<p>La Banque centrale argentine a officialis\u00e9 le lundi 20\u00a0octobre un \u201cswap\u201d, c\u2019est-\u00e0-dire un accord d\u2019\u00e9change de devises avec les \u00c9tats-Unis, pour un montant allant jusqu\u2019\u00e0 20\u00a0milliards de dollars (environ 17\u00a0milliards d\u2019euros). Une aide qui survient moins d\u2019une semaine avant des \u00e9lections l\u00e9gislatives de mi-mandat cruciales pour le pr\u00e9sident argentin Javier Milei.<\/p>\n<p><a class=\"ithalc\" data-ithal=\"lien_externe\" data-ithalc=\"[nav_article]\" target=\"_blank\" href=\"https:\/\/www.baenegocios.com\/economia\/Que-es-un-swap-y-por-que-es-clave-para-la-economia-argentina-20251020-0064.html\" rel=\"noopener\">Le m\u00e9dia argentin <strong>BAE Negocios<\/strong> explique<\/a>\u00a0: \u201cen termes simples, [un \u201cswap\u201d] est un m\u00e9canisme qui permet au pays d\u2019obtenir des liquidit\u00e9s en monnaie \u00e9trang\u00e8re sans avoir \u00e0 recourir \u00e0 un pr\u00eat ou \u00e0 la vente de ses r\u00e9serves. Dans le cas argentin, il joue le r\u00f4le d\u2019une valve \u00e0 oxyg\u00e8ne alors que le pays manque de dollars.\u201d<\/p>\n<p> S\u00e9rie d\u2019aides financi\u00e8res <\/p>\n<p>Cet accord s\u2019inscrit dans une s\u00e9rie d\u2019aides financi\u00e8res de l\u2019administration Trump pour voler au secours de son fid\u00e8le alli\u00e9 Javier Milei et de l\u2019\u00e9conomie argentine, soumise \u00e0 de fortes turbulences \u00e0 l\u2019approche des \u00e9lections l\u00e9gislatives de mi-mandat, qui se tiennent le dimanche 26\u00a0octobre. Une volatilit\u00e9 qui s\u2019est traduite ces derni\u00e8res semaines par de fortes pressions sur le peso, la monnaie locale.<\/p>\n<p>\u201cL\u2019objectif de cet accord est de contribuer \u00e0 la stabilit\u00e9 macro\u00e9conomique de l\u2019Argentine, en insistant sp\u00e9cifiquement sur la pr\u00e9servation de la stabilit\u00e9 des prix et pour promouvoir une <\/p>\n","protected":false},"excerpt":{"rendered":"La Banque centrale argentine a officialis\u00e9 le lundi 20\u00a0octobre un \u201cswap\u201d, c\u2019est-\u00e0-dire un accord d\u2019\u00e9change de devises avec&hellip;\n","protected":false},"author":2,"featured_media":479182,"comment_status":"","ping_status":"","sticky":false,"template":"","format":"standard","meta":{"footnotes":""},"categories":[1589],"tags":[11,3822,6715,75,73,1866,590,5924,12,2542,770,1864,1865,1863,308],"class_list":{"0":"post-479181","1":"post","2":"type-post","3":"status-publish","4":"format-standard","5":"has-post-thumbnail","7":"category-etats-unis","8":"tag-actualites","9":"tag-amu00e9riques","10":"tag-argentine","11":"tag-donald-trump","12":"tag-etats-unis","13":"tag-etats-unis-damerique","14":"tag-finance","15":"tag-javier-milei","16":"tag-news","17":"tag-u00e9conomie","18":"tag-u00e9tats-unis","19":"tag-united-states","20":"tag-united-states-of-america","21":"tag-us","22":"tag-usa"},"share_on_mastodon":{"url":"https:\/\/pubeurope.com\/@fr\/115411562298509305","error":""},"_links":{"self":[{"href":"https:\/\/www.europesays.com\/fr\/wp-json\/wp\/v2\/posts\/479181","targetHints":{"allow":["GET"]}}],"collection":[{"href":"https:\/\/www.europesays.com\/fr\/wp-json\/wp\/v2\/posts"}],"about":[{"href":"https:\/\/www.europesays.com\/fr\/wp-json\/wp\/v2\/types\/post"}],"author":[{"embeddable":true,"href":"https:\/\/www.europesays.com\/fr\/wp-json\/wp\/v2\/users\/2"}],"replies":[{"embeddable":true,"href":"https:\/\/www.europesays.com\/fr\/wp-json\/wp\/v2\/comments?post=479181"}],"version-history":[{"count":0,"href":"https:\/\/www.europesays.com\/fr\/wp-json\/wp\/v2\/posts\/479181\/revisions"}],"wp:featuredmedia":[{"embeddable":true,"href":"https:\/\/www.europesays.com\/fr\/wp-json\/wp\/v2\/media\/479182"}],"wp:attachment":[{"href":"https:\/\/www.europesays.com\/fr\/wp-json\/wp\/v2\/media?parent=479181"}],"wp:term":[{"taxonomy":"category","embeddable":true,"href":"https:\/\/www.europesays.com\/fr\/wp-json\/wp\/v2\/categories?post=479181"},{"taxonomy":"post_tag","embeddable":true,"href":"https:\/\/www.europesays.com\/fr\/wp-json\/wp\/v2\/tags?post=479181"}],"curies":[{"name":"wp","href":"https:\/\/api.w.org\/{rel}","templated":true}]}}