{"id":479185,"date":"2025-10-21T09:58:10","date_gmt":"2025-10-21T09:58:10","guid":{"rendered":"https:\/\/www.europesays.com\/fr\/479185\/"},"modified":"2025-10-21T09:58:10","modified_gmt":"2025-10-21T09:58:10","slug":"en-allemagne-un-site-de-rencontres-reserve-aux-personnes-blanches","status":"publish","type":"post","link":"https:\/\/www.europesays.com\/fr\/479185\/","title":{"rendered":"En Allemagne, un site de rencontres r\u00e9serv\u00e9 aux \u201cpersonnes blanches\u201d"},"content":{"rendered":"\n<p>C\u2019est un site de rencontres \u201cexclusivement destin\u00e9 aux personnes dites \u2018blanches\u2019\u201d. <a class=\"ithalc\" data-ithal=\"lien_externe\" data-ithalc=\"[nav_article]\" target=\"_blank\" href=\"https:\/\/www.zeit.de\/gesellschaft\/2025-10\/whitedate-rechtsextremismus-datingportal-white-supremacy-schleswig-holstein\" rel=\"noopener\">Comme le r\u00e9v\u00e8le <strong>Die Zeit<\/strong><\/a><strong>,<\/strong> sur la plateforme WhiteDate.net, \u201cle racisme et l\u2019antis\u00e9mitisme sont omnipr\u00e9sents\u00a0: dans les descriptions des clients, dans les groupes de discussion propos\u00e9s par le portail et sur les r\u00e9seaux sociaux\u201d. Selon l\u2019hebdomadaire allemand, \u201cpr\u00e8s de 8\u00a0000\u201d utilisateurs \u2013 des hommes majoritairement \u2013 fr\u00e9quenteraient WhiteDate.net dans le monde, dont 684\u00a0en Allemagne. Parmi eux, \u201cdes politiciens de l\u2019AfD [extr\u00eame droite], des opposants \u00e0 l\u2019avortement\u201d ou encore \u201cdes n\u00e9onazis\u201d.<\/p>\n<p>Derri\u00e8re cette initiative se cache \u201cChristiane H.\u201d, une Allemande originaire de la r\u00e9gion du Schleswig-Holstein, dans le Nord, o\u00f9 le parti Alternative pour l\u2019Allemagne (AfD) a enregistr\u00e9 une augmentation de son score de plus de 9\u00a0points aux derni\u00e8res \u00e9lections l\u00e9gislatives, par rapport \u00e0 2021.<\/p>\n<p> Un eug\u00e9nisme d\u00e9complex\u00e9 <\/p>\n<p>L\u2019objectif de la fondatrice du site\u00a0? \u201cAider les personnes blanches \u00e0 rencontrer d\u2019autres personnes blanches afin, id\u00e9alement, d\u2019avoir des enfants blancs\u201d, explique Die Zeit. Pour Christiane H., \u201cl\u2019objectif est de \u2018revivifier la communaut\u00e9 exclusivement blanche\u2019 afin d\u2019emp\u00eacher un \u2018g\u00e9nocide blanc\u2019\u201d.<\/p>\n<p>Au-del\u00e0 de la qu\u00eate de l\u2019\u00e2me s\u0153ur, le site permet \u00e0 ses utilisateurs d\u2019\u00e9changer sur des \u201csujets <\/p>\n","protected":false},"excerpt":{"rendered":"C\u2019est un site de rencontres \u201cexclusivement destin\u00e9 aux personnes dites \u2018blanches\u2019\u201d. Comme le r\u00e9v\u00e8le Die Zeit, sur la&hellip;\n","protected":false},"author":2,"featured_media":479186,"comment_status":"","ping_status":"","sticky":false,"template":"","format":"standard","meta":{"footnotes":""},"categories":[1587],"tags":[11,672,22646,1804,1805,1803,1777,674,6429,7610,1801,12,10162,1802,1857],"class_list":{"0":"post-479185","1":"post","2":"type-post","3":"status-publish","4":"format-standard","5":"has-post-thumbnail","7":"category-allemagne","8":"tag-actualites","9":"tag-allemagne","10":"tag-antisu00e9mitisme","11":"tag-bundesrepublik-deutschland","12":"tag-de","13":"tag-deutschland","14":"tag-eu","15":"tag-europe","16":"tag-extru00eame-droite","17":"tag-extru00eame-droite-en-allemagne","18":"tag-germany","19":"tag-news","20":"tag-racisme","21":"tag-republique-federale-dallemagne","22":"tag-sociu00e9tu00e9"},"share_on_mastodon":{"url":"https:\/\/pubeurope.com\/@fr\/115411570175060829","error":""},"_links":{"self":[{"href":"https:\/\/www.europesays.com\/fr\/wp-json\/wp\/v2\/posts\/479185","targetHints":{"allow":["GET"]}}],"collection":[{"href":"https:\/\/www.europesays.com\/fr\/wp-json\/wp\/v2\/posts"}],"about":[{"href":"https:\/\/www.europesays.com\/fr\/wp-json\/wp\/v2\/types\/post"}],"author":[{"embeddable":true,"href":"https:\/\/www.europesays.com\/fr\/wp-json\/wp\/v2\/users\/2"}],"replies":[{"embeddable":true,"href":"https:\/\/www.europesays.com\/fr\/wp-json\/wp\/v2\/comments?post=479185"}],"version-history":[{"count":0,"href":"https:\/\/www.europesays.com\/fr\/wp-json\/wp\/v2\/posts\/479185\/revisions"}],"wp:featuredmedia":[{"embeddable":true,"href":"https:\/\/www.europesays.com\/fr\/wp-json\/wp\/v2\/media\/479186"}],"wp:attachment":[{"href":"https:\/\/www.europesays.com\/fr\/wp-json\/wp\/v2\/media?parent=479185"}],"wp:term":[{"taxonomy":"category","embeddable":true,"href":"https:\/\/www.europesays.com\/fr\/wp-json\/wp\/v2\/categories?post=479185"},{"taxonomy":"post_tag","embeddable":true,"href":"https:\/\/www.europesays.com\/fr\/wp-json\/wp\/v2\/tags?post=479185"}],"curies":[{"name":"wp","href":"https:\/\/api.w.org\/{rel}","templated":true}]}}