{"id":479189,"date":"2025-10-21T10:00:12","date_gmt":"2025-10-21T10:00:12","guid":{"rendered":"https:\/\/www.europesays.com\/fr\/479189\/"},"modified":"2025-10-21T10:00:12","modified_gmt":"2025-10-21T10:00:12","slug":"lunion-europeenne-acte-la-fin-de-limportation-de-gaz-russe-dici-deux-ans-regards-protestants","status":"publish","type":"post","link":"https:\/\/www.europesays.com\/fr\/479189\/","title":{"rendered":"L\u2019Union europ\u00e9enne acte la fin de l\u2019importation de gaz russe d\u2019ici deux ans \u2013 Regards protestants"},"content":{"rendered":"<p>En 2028, c\u2019en sera fini de l\u2019importation de gaz russe par l\u2019Union europ\u00e9enne. C\u2019est ce qu\u2019ont act\u00e9 les \u00c9tats membres \u00e0 Luxembourg, lundi 20 octobre 2025, rapportent <a href=\"https:\/\/www.lesechos.fr\/monde\/europe\/guerre-en-ukraine-leurope-franchit-un-cap-decisif-vers-linterdiction-du-gaz-russe-2193418\" target=\"_blank\" rel=\"noreferrer noopener nofollow\">Les \u00c9chos<\/a>, dans une volont\u00e9 de ne plus d\u00e9pendre du gaz naturel en provenance du pays dirig\u00e9 par le pr\u00e9sident Vladimir Poutine. Cette mesure, \u00e0 l\u2019initiative de la Commission europ\u00e9enne, va cependant devoir passer par une phase de n\u00e9gociation avec le Parlement europ\u00e9en, dont la conclusion serait esp\u00e9r\u00e9e avant la fin de l\u2019ann\u00e9e.<\/p>\n<p>Une d\u00e9cision qui d\u00e9coule bien entendu de la <a href=\"https:\/\/regardsprotestants.com\/actualites\/monde\/guerre-en-ukraine-volodymyr-zelensky-attendu-a-washington-pour-rencontrer-donald-trump\/\" target=\"_blank\" rel=\"noreferrer noopener nofollow\">guerre en Ukraine<\/a> d\u00e9clench\u00e9e en 2022 par les forces russes, qui avait d\u00e9j\u00e0 entra\u00een\u00e9 une forte r\u00e9duction de l\u2019importation par l\u2019Union europ\u00e9enne de p\u00e9trole russe. Selon <a href=\"https:\/\/www.franceinfo.fr\/monde\/russie\/guerre-en-ukraine-l-union-europeenne-donne-son-feu-vert-sur-l-interdiction-d-importer-du-gaz-russe-d-ici-fin-2027_7564309.html\" target=\"_blank\" rel=\"noreferrer noopener nofollow\">franceinfo<\/a>, 19 % de ses ressources de gaz naturel proviendraient de Russie pour l\u2019ann\u00e9e 2024. \u00c0 noter que seules la Hongrie et la Slovaquie se sont oppos\u00e9es \u00e0 cette interdiction, car d\u00e9pendant fortement des hydrocarbures russes, d\u2019apr\u00e8s une information de l\u2019AFP cit\u00e9e dans le m\u00eame article.<\/p>\n<p>Une \u00e9mancipation de la Russie en mati\u00e8re d\u2019\u00e9nergies<\/p>\n<p>L\u2019approbation de cette initiative, mise en avant au printemps par la Commission europ\u00e9enne, marque un grand coup sur le chemin entrepris vers l\u2019ind\u00e9pendance de l\u2019Union europ\u00e9enne des hydrocarbures russes. \u00ab C\u2019est un jour tr\u00e8s, tr\u00e8s important. [\u2026] Nous sommes face \u00e0 un pays qui a transform\u00e9 l\u2019\u00e9nergie en arme contre nous. Nous ne devrions plus jamais \u00eatre dans cette position \u00bb, a ainsi r\u00e9agi Dan Jorgensen, commissaire europ\u00e9en \u00e0 l\u2019\u00c9nergie. En 2022, l\u2019union politico-\u00e9conomique d\u00e9pendait de la Russie \u00e0 hauteur de 45 % en termes d\u2019approvisionnement en gaz.<\/p>\n<p>Le Danemark, qui assume la pr\u00e9sidence du Conseil de l\u2019UE jusqu\u2019\u00e0 la fin de l\u2019ann\u00e9e 2025, esp\u00e8re donc voir un accord survenir avec le Parlement europ\u00e9en avant cette date butoir, qui de son c\u00f4t\u00e9 souhaitait couper tous les ponts \u00e0 partir du 1er janvier 2027 avec la soci\u00e9t\u00e9 russe Gazprom, acteur majeur sur le march\u00e9 mondial p\u00e9trolier, d\u2019apr\u00e8s <a href=\"https:\/\/www.lemonde.fr\/economie\/article\/2025\/10\/20\/les-vingt-sept-decident-de-se-passer-du-gaz-russe_6648293_3234.html\" target=\"_blank\" rel=\"noreferrer noopener nofollow\">Le Monde<\/a>. La Commission avait pour sa part l\u2019ambition d\u2019un arr\u00eat total des importations concernant le gaz naturel liqu\u00e9fi\u00e9, ou GNL, d\u2019ici la fin de l\u2019ann\u00e9e 2026.<\/p>\n","protected":false},"excerpt":{"rendered":"En 2028, c\u2019en sera fini de l\u2019importation de gaz russe par l\u2019Union europ\u00e9enne. C\u2019est ce qu\u2019ont act\u00e9 les&hellip;\n","protected":false},"author":2,"featured_media":479190,"comment_status":"","ping_status":"","sticky":false,"template":"","format":"standard","meta":{"footnotes":""},"categories":[1586],"tags":[11,1777,674,1779,1011,27,131,12,25,1778,364],"class_list":{"0":"post-479189","1":"post","2":"type-post","3":"status-publish","4":"format-standard","5":"has-post-thumbnail","7":"category-europe","8":"tag-actualites","9":"tag-eu","10":"tag-europe","11":"tag-european-union","12":"tag-fr","13":"tag-france","14":"tag-guerre-en-ukraine","15":"tag-news","16":"tag-republique-francaise","17":"tag-ue","18":"tag-union-europeenne"},"share_on_mastodon":{"url":"https:\/\/pubeurope.com\/@fr\/115411577951033387","error":""},"_links":{"self":[{"href":"https:\/\/www.europesays.com\/fr\/wp-json\/wp\/v2\/posts\/479189","targetHints":{"allow":["GET"]}}],"collection":[{"href":"https:\/\/www.europesays.com\/fr\/wp-json\/wp\/v2\/posts"}],"about":[{"href":"https:\/\/www.europesays.com\/fr\/wp-json\/wp\/v2\/types\/post"}],"author":[{"embeddable":true,"href":"https:\/\/www.europesays.com\/fr\/wp-json\/wp\/v2\/users\/2"}],"replies":[{"embeddable":true,"href":"https:\/\/www.europesays.com\/fr\/wp-json\/wp\/v2\/comments?post=479189"}],"version-history":[{"count":0,"href":"https:\/\/www.europesays.com\/fr\/wp-json\/wp\/v2\/posts\/479189\/revisions"}],"wp:featuredmedia":[{"embeddable":true,"href":"https:\/\/www.europesays.com\/fr\/wp-json\/wp\/v2\/media\/479190"}],"wp:attachment":[{"href":"https:\/\/www.europesays.com\/fr\/wp-json\/wp\/v2\/media?parent=479189"}],"wp:term":[{"taxonomy":"category","embeddable":true,"href":"https:\/\/www.europesays.com\/fr\/wp-json\/wp\/v2\/categories?post=479189"},{"taxonomy":"post_tag","embeddable":true,"href":"https:\/\/www.europesays.com\/fr\/wp-json\/wp\/v2\/tags?post=479189"}],"curies":[{"name":"wp","href":"https:\/\/api.w.org\/{rel}","templated":true}]}}