{"id":47919,"date":"2025-04-24T00:48:14","date_gmt":"2025-04-24T00:48:14","guid":{"rendered":"https:\/\/www.europesays.com\/fr\/47919\/"},"modified":"2025-04-24T00:48:14","modified_gmt":"2025-04-24T00:48:14","slug":"en-allant-chercher-gueida-fofana-a-lyon-pour-le-nommer-au-rwdm-textor-a-fait-du-textor-le-rwdm-nest-plus-un-club-de-foot-mais-un-cirque","status":"publish","type":"post","link":"https:\/\/www.europesays.com\/fr\/47919\/","title":{"rendered":"En allant chercher Gue\u00efda Fofana \u00e0 Lyon pour le nommer au RWDM, Textor a fait du Textor\u00a0: \u00ab\u00a0Le RWDM n&rsquo;est plus un club de foot mais un cirque\u00a0\u00bb"},"content":{"rendered":"<p><a href=\"https:\/\/www.dhnet.be\/sports\/football\/division-1b\/rwdm\/2025\/04\/23\/revirement-de-situation-au-rwdm-de-camargo-ne-sera-finalement-pas-t1-le-coach-de-la-reserve-de-lyon-debarque-a-molenbeek-JXHLFMM63FAETBIQTMQHDZXYC4\/\" target=\"_blank\" rel=\"noopener noreferrer nofollow\" class=\"ap-StoryInterstitialLink ap-StoryElement ap-StoryElement--mb js-paywall-target\">Revirement de situation au RWDM: De Camargo ne sera finalement pas T1, le coach de la r\u00e9serve de Lyon d\u00e9barque \u00e0 Molenbeek<\/a><\/p>\n<p class=\"ap-StoryElement ap-StoryElement--mb ap-StoryText\">De quoi semer encore un peu plus l&rsquo;incompr\u00e9hension dans le chef de supporters d\u00e9j\u00e0 abattus depuis vendredi dernier. \u00ab\u00a0Le RWDM n&rsquo;est plus un club de foot mais un cirque\u00a0\u00bb, \u00ab\u00a0Pas un second Ca\u00e7apa\u00a0\u00bb, \u00ab\u00a0Quelle gestion sportive et humaine lamentable !\u00a0\u00bb,\u00a0\u00bbLe cow-boy a plac\u00e9 son pantin\u00a0\u00bb, soit quelques-unes des r\u00e9actions des supporters apr\u00e8s ce nouveau feuilleton d&rsquo;une mauvaise s\u00e9rie qu&rsquo;on pensait renvoy\u00e9e aux oubliettes.<\/p>\n<blockquote class=\"ap-StoryQuote ap-StoryQuote--pullquote\"><p>guillement<\/p>\n<p class=\"ap-StoryQuote-text\">Le RWDM n&rsquo;est plus un club de foot mais un cirque.<\/p>\n<\/blockquote>\n<p>Qui est Gue\u00efda Fofana ?<\/p>\n<p class=\"ap-StoryElement ap-StoryElement--mb ap-StoryText\">Ce ne sera donc pas Igor De Camargo mais bien Gue\u00efda Fofana qui aura pour mission de remporter les Promotion Playoffs au RWDM. Un sacr\u00e9 pari m\u00eame si ce jeune coach de 33 ans a certains atouts \u00e0 faire valoir. Ancien joueur professionnel pass\u00e9 par Le Havre avant de rejoindre Lyon, il a d\u00fb mettre pr\u00e9matur\u00e9ment un terme \u00e0 sa carri\u00e8re en raison de graves blessures \u00e0 la cheville. \u00c0 25 ans \u00e0 peine, il a \u00e9t\u00e9 d\u00e9clar\u00e9 \u00ab\u00a0inapte \u00e0 la pratique du football\u00a0\u00bb. Jean-Michel Aulas lui a alors tendu la main D&rsquo;abord en lui confiant le poste d&rsquo;entra\u00eeneur des U14 de l&rsquo;OL puis en lui donnant la direction des U17. Par la suite, il est devenu entra\u00eeneur-adjoint de la r\u00e9serve lyonnaise avant d&rsquo;\u00eatre nomm\u00e9 T1 la saison suivante, poste qu&rsquo;il occupe depuis 2019.<\/p>\n<p class=\"ap-StoryElement ap-StoryElement--mb ap-StoryText\">Un coach auquel le RWDM s&rsquo;\u00e9tait d\u00e9j\u00e0 int\u00e9ress\u00e9 avant l&rsquo;arriv\u00e9e de Yannick Ferrera, notamment en raison de son approche avec les plus jeunes joueurs, facilit\u00e9e par son jeune \u00e2ge (33 ans). Un coach inspir\u00e9 par G\u00e9rard Houllier, que l&rsquo;on dit discret et qui n&rsquo;aime pas se mettre en lumi\u00e8re.<\/p>\n<p class=\"ap-StoryElement ap-StoryElement--mb ap-StoryText\">Reste \u00e0 voir si ce sera suffisant pour diriger un groupe qu&rsquo;il n&rsquo;a d\u00e9couvert que ce mercredi, dont il ne connait que les Lyonnais (Laaziri, Halifa, El Arouch), et dont il ne dirigera pas le premier match ce jeudi puisqu&rsquo;il sera en tribunes \u00e0 Lokeren vu le d\u00e9lai trop court entre son arriv\u00e9e et le match. Charge \u00e0 Igor De Camargo, promu T2 du RWDM, d&rsquo;assurer l&rsquo;int\u00e9rim.<\/p>\n<p class=\"ap-StoryElement ap-StoryElement--mb ap-StoryText\">Le noyau : Lathouwers, Hubert, Laaziri, Halifa, Abe, Parzyszek, Del Piage, Kestens, Preijs, Lemmens, Biron, Dodeigne, Maurer, El Arouch, Robail, Ziani.<\/p>\n<p class=\"ap-StoryElement ap-StoryElement--mb ap-StoryText\">Observations : Marsoni et Sousa sont suspendus.<\/p>\n","protected":false},"excerpt":{"rendered":"Revirement de situation au RWDM: De Camargo ne sera finalement pas T1, le coach de la r\u00e9serve de&hellip;\n","protected":false},"author":2,"featured_media":47920,"comment_status":"","ping_status":"","sticky":false,"template":"","format":"standard","meta":{"footnotes":""},"categories":[1889],"tags":[1111,11,2430,1777,674,1011,27,8346,2428,12,25],"class_list":{"0":"post-47919","1":"post","2":"type-post","3":"status-publish","4":"format-standard","5":"has-post-thumbnail","7":"category-lyon","8":"tag-actu","9":"tag-actualites","10":"tag-auvergne-rhone-alpes","11":"tag-eu","12":"tag-europe","13":"tag-fr","14":"tag-france","15":"tag-jupiler-pro-league","16":"tag-lyon","17":"tag-news","18":"tag-republique-francaise"},"share_on_mastodon":{"url":"https:\/\/pubeurope.com\/@fr\/114390191482056280","error":""},"_links":{"self":[{"href":"https:\/\/www.europesays.com\/fr\/wp-json\/wp\/v2\/posts\/47919","targetHints":{"allow":["GET"]}}],"collection":[{"href":"https:\/\/www.europesays.com\/fr\/wp-json\/wp\/v2\/posts"}],"about":[{"href":"https:\/\/www.europesays.com\/fr\/wp-json\/wp\/v2\/types\/post"}],"author":[{"embeddable":true,"href":"https:\/\/www.europesays.com\/fr\/wp-json\/wp\/v2\/users\/2"}],"replies":[{"embeddable":true,"href":"https:\/\/www.europesays.com\/fr\/wp-json\/wp\/v2\/comments?post=47919"}],"version-history":[{"count":0,"href":"https:\/\/www.europesays.com\/fr\/wp-json\/wp\/v2\/posts\/47919\/revisions"}],"wp:featuredmedia":[{"embeddable":true,"href":"https:\/\/www.europesays.com\/fr\/wp-json\/wp\/v2\/media\/47920"}],"wp:attachment":[{"href":"https:\/\/www.europesays.com\/fr\/wp-json\/wp\/v2\/media?parent=47919"}],"wp:term":[{"taxonomy":"category","embeddable":true,"href":"https:\/\/www.europesays.com\/fr\/wp-json\/wp\/v2\/categories?post=47919"},{"taxonomy":"post_tag","embeddable":true,"href":"https:\/\/www.europesays.com\/fr\/wp-json\/wp\/v2\/tags?post=47919"}],"curies":[{"name":"wp","href":"https:\/\/api.w.org\/{rel}","templated":true}]}}