{"id":479198,"date":"2025-10-21T10:05:10","date_gmt":"2025-10-21T10:05:10","guid":{"rendered":"https:\/\/www.europesays.com\/fr\/479198\/"},"modified":"2025-10-21T10:05:10","modified_gmt":"2025-10-21T10:05:10","slug":"apres-les-galeres-les-voiles-des-pirates-de-royan-sont-gonflees-par-lambition","status":"publish","type":"post","link":"https:\/\/www.europesays.com\/fr\/479198\/","title":{"rendered":"apr\u00e8s les gal\u00e8res, les voiles des Pirates de Royan sont gonfl\u00e9es par l\u2019ambition"},"content":{"rendered":"<p>Du pass\u00e9 faisons table rase. Telle pourrait \u00eatre la volont\u00e9 des volleyeurs royannais, qui re\u00e7oivent Rennes en ouverture ce mardi (\u00e0 20\u00a0heures), apr\u00e8s le piteux exercice 2024-2025. \u00ab\u00a0Nous avons quand m\u00eame beaucoup appris\u00a0\u00bb, assure le coach royannais Gr\u00e9gory Alleix. Avec un effectif remani\u00e9 et rajeuni, les Pirates semblent anim\u00e9s de nouvelles intentions et ambitions. \u00ab\u00a0Nous visons toujours l\u2019accession au plus haut niveau national\u00a0\u00bb, confirme David Guelle le passeur-capitaine-pr\u00e9sident du club.<\/p>\n<p>Cinq joueurs \u2013 ou presque (1) \u2013 ont pris leur retraite, remplac\u00e9s par des jeunes \u00e9l\u00e9ments. La pr\u00e9paration de cette troisi\u00e8me saison en Ligue B est prometteuse. \u00ab\u00a0Nous avons effectu\u00e9 un stage\u2026 \u00e0 Royan et cela a permis au groupe de mieux se conna\u00eetre\u00a0\u00bb, souligne l\u2019entra\u00eeneur. Quant aux matchs amicaux, ils ont \u00e9t\u00e9 int\u00e9ressants. \u00ab\u00a0J\u2019aimerais notamment capitaliser sur nos seconds et troisi\u00e8mes sets du match contre Rennes, il y a dix jours\u00a0\u00bb, esp\u00e8re le coach royannais qui pourra, pour la premi\u00e8re fois, compter sur un effectif 100\u00a0% professionnel \u2013 jusqu\u2019ici, les joueurs cumulaient volley et emplois. Le niveau d\u2019exigence sera \u00e9videmment sup\u00e9rieur.<\/p>\n<p>La Ligue A toujours en t\u00eate<\/p>\n<p>Autre nouveaut\u00e9\u00a0: la fin des play-offs qui attribuaient le ticket d\u2019accession \u00e0 la Ligue A. \u00ab\u00a0Nous jouerons 30 matchs, c\u2019est beaucoup. Il y aura une seule mont\u00e9e \u2014 pour le premier \u2013 et aucune rel\u00e9gation\u00a0\u00bb, reprend un David Guelle serein. Pour l\u2019encadrement du RAVB, qui a \u00e9t\u00e9 lui aussi renforc\u00e9, cette nouvelle formule ressemblera davantage \u00e0 un \u00ab\u00a0contr\u00f4le continu\u00a0\u00bb qu\u2019\u00e0 un examen couperet. La formation la plus constante sera promue. \u00ab\u00a0Nous y travaillons et esp\u00e9rons disposer de notre propre centre de formation pour 2026-2027\u00a0\u00bb, insiste le pr\u00e9sident.<\/p>\n<blockquote><p>\u00ab\u00a0Nous avons une formation pour jouer le haut de tableau en championnat et aller loin en Coupe\u00a0\u00bb<\/p><\/blockquote>\n<p>\u00ab\u00a0Nous ne conna\u00eetrons pas de mauvaises surprises financi\u00e8res cette ann\u00e9e \u2013 je pense \u00e0 la baisse de la subvention du D\u00e9partement la saison derni\u00e8re \u2013 et nous avons construit un budget prudent\u00a0\u00bb, continue-t-il. Le RAVB a mis le paquet afin que \u00ab\u00a0les joueurs aient des conditions de travail optimales\u00a0\u00bb. Il faut maintenant les concr\u00e9tiser sur le parquet. \u00ab\u00a0Nous avons fait en sorte de diminuer l\u2019\u00e9cart entre les titulaires et les rempla\u00e7ants. Nous souhaitons aller vers la stabilit\u00e9 et la perfection\u00a0\u00bb, insiste Gr\u00e9gory Alleix.<\/p>\n<p>M\u00eame si la reprise du championnat ne s\u2019annonce pas dans les meilleures conditions (le capitaine Bonnefoy est bless\u00e9 ainsi que Diop), Royan entend jouer les trouble-f\u00eates cette saison. \u00ab\u00a0Nous avons une formation pour jouer le haut de tableau en championnat et aller loin en Coupe de France (les Pirates recevront Reims le 4\u00a0novembre, NDLR)\u00a0\u00bb, conclut David Guelle.<\/p>\n<p>(1) Pour compenser la blessure de Bonnefoy, Royan a fait appel \u00e0 un joker m\u00e9dical\u00a0: le jeune retrait\u00e9 Jean Oriol. Il devrait \u00eatre qualifi\u00e9 pour la r\u00e9ception de Rennes.<\/p>\n<p>    Royan &#8211; Rennes<br \/>\n<strong>Lieu<\/strong>\u00a0Royan (Espace Cordouan) <strong>Horaire<\/strong>\u00a0Mardi, \u00e0 20\u00a0heures\u00a0<strong>Arbitres<\/strong>\u00a0MM.\u00a0Berthelot et Quentin<br \/><strong>ROYAN<\/strong>\u00a0Guelle (c), Oriol (?), Diop (?), Bernard, Lallemand, Faustino, Pasquier, Loupias, Varier, Gabali, Boyomo Kofan\u00e9\u00a0<strong>Les absents\u00a0:<\/strong> Bonnefoy, Paulin (bless\u00e9s).<\/p>\n","protected":false},"excerpt":{"rendered":"Du pass\u00e9 faisons table rase. Telle pourrait \u00eatre la volont\u00e9 des volleyeurs royannais, qui re\u00e7oivent Rennes en ouverture&hellip;\n","protected":false},"author":2,"featured_media":479199,"comment_status":"","ping_status":"","sticky":false,"template":"","format":"standard","meta":{"footnotes":""},"categories":[1417],"tags":[1011,27,60,1470,1469],"class_list":{"0":"post-479198","1":"post","2":"type-post","3":"status-publish","4":"format-standard","5":"has-post-thumbnail","7":"category-volley","8":"tag-fr","9":"tag-france","10":"tag-sports","11":"tag-volley","12":"tag-volleyball"},"share_on_mastodon":{"url":"https:\/\/pubeurope.com\/@fr\/115411597626768286","error":""},"_links":{"self":[{"href":"https:\/\/www.europesays.com\/fr\/wp-json\/wp\/v2\/posts\/479198","targetHints":{"allow":["GET"]}}],"collection":[{"href":"https:\/\/www.europesays.com\/fr\/wp-json\/wp\/v2\/posts"}],"about":[{"href":"https:\/\/www.europesays.com\/fr\/wp-json\/wp\/v2\/types\/post"}],"author":[{"embeddable":true,"href":"https:\/\/www.europesays.com\/fr\/wp-json\/wp\/v2\/users\/2"}],"replies":[{"embeddable":true,"href":"https:\/\/www.europesays.com\/fr\/wp-json\/wp\/v2\/comments?post=479198"}],"version-history":[{"count":0,"href":"https:\/\/www.europesays.com\/fr\/wp-json\/wp\/v2\/posts\/479198\/revisions"}],"wp:featuredmedia":[{"embeddable":true,"href":"https:\/\/www.europesays.com\/fr\/wp-json\/wp\/v2\/media\/479199"}],"wp:attachment":[{"href":"https:\/\/www.europesays.com\/fr\/wp-json\/wp\/v2\/media?parent=479198"}],"wp:term":[{"taxonomy":"category","embeddable":true,"href":"https:\/\/www.europesays.com\/fr\/wp-json\/wp\/v2\/categories?post=479198"},{"taxonomy":"post_tag","embeddable":true,"href":"https:\/\/www.europesays.com\/fr\/wp-json\/wp\/v2\/tags?post=479198"}],"curies":[{"name":"wp","href":"https:\/\/api.w.org\/{rel}","templated":true}]}}