{"id":479202,"date":"2025-10-21T10:07:10","date_gmt":"2025-10-21T10:07:10","guid":{"rendered":"https:\/\/www.europesays.com\/fr\/479202\/"},"modified":"2025-10-21T10:07:10","modified_gmt":"2025-10-21T10:07:10","slug":"giovanni-mpetshi-perricard-joao-fonseca-atp-500-bale-premier-tour-mardi-21-octobre-2025-lequipe","status":"publish","type":"post","link":"https:\/\/www.europesays.com\/fr\/479202\/","title":{"rendered":"Giovanni Mpetshi Perricard &#8211; Joao Fonseca, ATP 500, B\u00e2le, Premier tour, Mardi 21 octobre 2025 &#8211; L&#039;\u00c9quipe"},"content":{"rendered":"<ol>\n<li><a href=\"https:\/\/news.google.com\/rss\/articles\/CBMi0AFBVV95cUxOZ0M2b3hfV2VNWFczVjdDQTZvMFhPWElDbndyUGhXclVOalRzWTctVTR6N1Y4ZHlrM2VOaEtuVEVZcGF3MUlZaFRUX2lMLS1MeVhibXVqZUwtalhKbHRvclFMLTIxLThrRjZyWnV1TXVtTmh5Z0VHRnBxdmhFdVNrSEZ6NktfTDZhZ1I1VVJETTk0Z2JjZE1WQ1R0ejJTdUtINGVoT0VVQzJvZlVyWEt1RDdqVWxjY1BYMHRzcjZZSUVlRGFPcWFVVEhoU2F6d25T?oc=5\" target=\"_blank\" rel=\"nofollow noopener\">Giovanni Mpetshi Perricard &#8211; Joao Fonseca, ATP 500, B\u00e2le, Premier tour, Mardi 21 octobre 2025<\/a>&nbsp;&nbsp;L&rsquo;\u00c9quipe<\/li>\n<li><a href=\"https:\/\/news.google.com\/rss\/articles\/CBMihAFBVV95cUxNSW5HZjhWUEE3U0h5UVM0MXYtNktqMjFvaldIaHJCcWVVLTVTRUdGdXlTTXNHNnBuTE54eXRFRW5DMjdERGVsRXdjZ2FxMGJiSkVvSjR1WDBWUlBUWkUzaGxhLXVNUnZYaVp4ek9LMjRMdGhxcW9vY0pXcjhHZnZwVWZMU0E?oc=5\" target=\"_blank\" rel=\"nofollow noopener\">Shelton, Wawrinka, Fonseca : le programme du mardi \u00e0 B\u00e2le<\/a>&nbsp;&nbsp;Tennis Temple<\/li>\n<li><a href=\"https:\/\/news.google.com\/rss\/articles\/CBMi7gFBVV95cUxOOVJfSzVTVEI2bVoyc0VTSXViS09KWlJhdXNka0tET2xPejBSemxTa0VkZjNCNmtvTWl3czN5R0gydm5KVEtLeHAweXVlUEFTWElJTk5TZzRLb1k0LUdSNVdrNHFDa0hENHNnUjZuUjQ3ZE42Tjh5aFZHNTNiWWd4Z1haNWRSaUpWY0NoWUpOU0RvTFZCaDlscDZQd0ktMS1QUno0dEJWNWw5M2VnUGlEQVhpeEFXX1B6cU5kcUJPelktS2NYRWJqaU03aEQ3N25jZjY5Rlh3WHQtRE53WnFJMkZrRG1vT0dTc3JDdnlR?oc=5\" target=\"_blank\" rel=\"nofollow noopener\">ATP Bale &#8211; Le tableau, le direct et les r\u00e9sultats : Battu par Mensik, l&rsquo;espoir Suisse Bernet a fait belle impression<\/a>&nbsp;&nbsp;ski-nordique.net<\/li>\n<li><a href=\"https:\/\/news.google.com\/rss\/articles\/CBMiowFBVV95cUxOWE9uQW92YV9HQ2NhcXdJTy1SeDBBNDNwa20tVjhPNFp0UFJEc1cwZERwaVZ5OTFtOVhPRHlLLXV3QzRQWUxJOElSZVVfYkhZY0ZOeFg4a3BMNmJPU0FtZTBhLUI1N2NrNG9wRFFuZGhJWmlQM211SVZ1aXlFV2cxWDFoNXdIUFZCY1lYdWZIMllidHI3dlloUzViOEpMaUpWSV9z0gGiAUFVX3lxTE5QN2t5cXVNV3JUWlFhZ0RobXhpUzgxQWN3TDdyR1ItUVkwQ3hRSUJQMm41Z3JXRHFHdnItUlJ0UFVLbEJrWFhZMEk0OGRyc2JTZDRUZUZXdm5kalFBLXRkQWMtVDM1eUVMQ3p6MWdhNVRyNEI1V29ta0h6dGhFd2NIU0l0OUpySXpFbFROWXdMajM5LXRYWkYzejVCMHF4VTA5dw?oc=5\" target=\"_blank\" rel=\"nofollow noopener\">ATP &#8211; B\u00e2le : M\u00fcller encha\u00eene les d\u00e9faites<\/a>&nbsp;&nbsp;Orange Actualit\u00e9s | Sports<\/li>\n<li><a href=\"https:\/\/news.google.com\/rss\/articles\/CBMiuwFBVV95cUxNR0xEVV82Ylo0VmpReFZyZmVwc0ZBQ3RWeUZYWGZ1Y1dzOUt0OEM0aU9UU2x0b0QzMGJyNkF1SnB2QmlLaU5ZTUgxTG1Jdm9WaE5ZaDRuNTlrVDlkTm0tSDhfQ1BxWC1zcWxoYUwyeUVJVUtHM0l3aWZLWF9nWHY2MmRhaVpUb1dfNG1ma3VhTmdPclhYTDh3d3dQalBsUXM4QTlSVmhCS1BtemtnY1RTOXBqQnoxeE40RHRR0gG7AUFVX3lxTE96ZUdpeFVmYlBiYUdOV0pqUjRjYVg5Y0FmM2MxSVlienVFYXpJbXJZcFIyQlVqZWZMNUV2blRlR1NPNmVfdjRNWUJzUS1paU5YSzRYcUxXS1JaSWhOQngzalQtUU4tUUpFWUJkVFBBbm1mYkg4UGtuSnliUGlKREx4eDdrOC1fN3ZXRUNZdGI2TlBJbkQ4Nml1eWVubXVYV1BXQXRkaDRrdFVwM2JBaXZsU25rSmdLT0t0eVU?oc=5\" target=\"_blank\" rel=\"nofollow noopener\">ATP &#8211; B\u00e2le: Rinderknech-Collignon et Mpetshi ce mardi : diffusion TV et horaires<\/a>&nbsp;&nbsp;tennisactu.net<\/li>\n<\/ol>\n","protected":false},"excerpt":{"rendered":"Giovanni Mpetshi Perricard &#8211; Joao Fonseca, ATP 500, B\u00e2le, Premier tour, Mardi 21 octobre 2025&nbsp;&nbsp;L&rsquo;\u00c9quipe Shelton, Wawrinka, Fonseca&hellip;\n","protected":false},"author":2,"featured_media":1983,"comment_status":"","ping_status":"","sticky":false,"template":"","format":"standard","meta":{"footnotes":""},"categories":[1415],"tags":[1011,27,60,1467],"class_list":{"0":"post-479202","1":"post","2":"type-post","3":"status-publish","4":"format-standard","5":"has-post-thumbnail","7":"category-tennis","8":"tag-fr","9":"tag-france","10":"tag-sports","11":"tag-tennis"},"share_on_mastodon":{"url":"https:\/\/pubeurope.com\/@fr\/115411605656618919","error":""},"_links":{"self":[{"href":"https:\/\/www.europesays.com\/fr\/wp-json\/wp\/v2\/posts\/479202","targetHints":{"allow":["GET"]}}],"collection":[{"href":"https:\/\/www.europesays.com\/fr\/wp-json\/wp\/v2\/posts"}],"about":[{"href":"https:\/\/www.europesays.com\/fr\/wp-json\/wp\/v2\/types\/post"}],"author":[{"embeddable":true,"href":"https:\/\/www.europesays.com\/fr\/wp-json\/wp\/v2\/users\/2"}],"replies":[{"embeddable":true,"href":"https:\/\/www.europesays.com\/fr\/wp-json\/wp\/v2\/comments?post=479202"}],"version-history":[{"count":0,"href":"https:\/\/www.europesays.com\/fr\/wp-json\/wp\/v2\/posts\/479202\/revisions"}],"wp:featuredmedia":[{"embeddable":true,"href":"https:\/\/www.europesays.com\/fr\/wp-json\/wp\/v2\/media\/1983"}],"wp:attachment":[{"href":"https:\/\/www.europesays.com\/fr\/wp-json\/wp\/v2\/media?parent=479202"}],"wp:term":[{"taxonomy":"category","embeddable":true,"href":"https:\/\/www.europesays.com\/fr\/wp-json\/wp\/v2\/categories?post=479202"},{"taxonomy":"post_tag","embeddable":true,"href":"https:\/\/www.europesays.com\/fr\/wp-json\/wp\/v2\/tags?post=479202"}],"curies":[{"name":"wp","href":"https:\/\/api.w.org\/{rel}","templated":true}]}}