{"id":479203,"date":"2025-10-21T10:08:11","date_gmt":"2025-10-21T10:08:11","guid":{"rendered":"https:\/\/www.europesays.com\/fr\/479203\/"},"modified":"2025-10-21T10:08:11","modified_gmt":"2025-10-21T10:08:11","slug":"chartres-sur-sa-lancee-ffbb","status":"publish","type":"post","link":"https:\/\/www.europesays.com\/fr\/479203\/","title":{"rendered":"Chartres sur sa lanc\u00e9e | FFBB"},"content":{"rendered":"<p>                            <img decoding=\"async\" class=\"img-fluid thumbnail__news\" src=\"https:\/\/www.europesays.com\/fr\/wp-content\/uploads\/2025\/10\/61d7676f-4e10-4224-a3c1-8c8dd4415627.jpg\" alt=\"Chartres sur sa lanc\u00e9e\"\/><br \/>\n                                                        Actuellement 5e du championnat de La Boulang\u00e8re Wonderligue, Chartres a un bon coup \u00e0 jouer demain en Coupe de France lors de son d\u00e9placement \u00e0 Mondeville (LF2). Cela sera sans doute moins facile pour Toulouse et Roche Vend\u00e9e qui se d\u00e9palceront respectivement \u00e0 Lyon et Landerneau. Ces deux matches entre clubs de La Boulang\u00e8re Wonderligue seront \u00e0 suivre sur la chaine YouTube de la FFBB.<\/p>\n<p>Seul Mondeville a h\u00e9rit\u00e9 d&rsquo;un club de La Boulang\u00e8re Wonderligue (Chartres) lors du tirage au sort, les autres clubs de LF2 ont donc plut\u00f4t \u00e9pargn\u00e9s.<\/p>\n<p>Actuellement respectivement 2e et 3e du championnat, La Tonche Meylan et Voiron se d\u00e9placeront demain \u00e0 Monaco et Illkirch Graffenstaden. Bien que moins class\u00e9s en LF2, ces deux clubs pourraient bien profit\u00e9 de la coupe pour briller devant leur public.<\/p>\n<p>La derni\u00e8re rencontre opposant Saint-Amand \u00e0 Aulnoye annonce un vrai derby du Nord comme on les aime et tr\u00e8s ind\u00e9cis. Sous la houlette de Guy Prat, Aulnoye r\u00e9alise un tr\u00e8s bon d\u00e9but de saison et n&rsquo;a pas l&rsquo;attention de s&rsquo;arr\u00eater l\u00e0 m\u00eame si \u00e0 Saint Amand \u00e0 domicile aura surement son mot \u00e0 dire.<\/p>\n<p><strong>Programme du 2e tour de la Coupe de France f\u00e9minine<\/strong><br \/>Mercredi 22 octobre \u00e0 18h00<br \/>Monaco (LF2) &#8211; Voiron (LF2)<\/p>\n<p>Mercredi 22 octobre \u00e0 19h00<br \/>Saint Amand (LF2) &#8211; Aulnoye (LF2)<\/p>\n<p>Mercredi 22 octobre \u00e0 20h00<br \/>Lyon (LBWL) &#8211; Toulouse (LBWL) &#8211; <a href=\"https:\/\/www.youtube.com\/watch?v=wQpCFDPiyfA\" target=\"_blank\" rel=\"noopener\">En direct sur la chaine YouTube de la FFBB\u00a0<\/a><\/p>\n<p style=\"text-align: center;\">\n<p>Illikirch-Graffenstaden (LF2) &#8211; La Tronche Meylan (LF2)<br \/>Landerneau (LBWL) &#8211; Roche Vend\u00e9e (LBWL) &#8211; <a href=\"https:\/\/www.youtube.com\/watch?v=iLB_WRmX8qo\" target=\"_blank\" rel=\"noopener\">En direct sur la chaine YouTube de la FFBB<\/a><\/p>\n<p style=\"text-align: center;\">\n<p>Mondeville (LF2) &#8211; Chartres (LBWL)<\/p>\n","protected":false},"excerpt":{"rendered":"Actuellement 5e du championnat de La Boulang\u00e8re Wonderligue, Chartres a un bon coup \u00e0 jouer demain en Coupe&hellip;\n","protected":false},"author":2,"featured_media":479204,"comment_status":"","ping_status":"","sticky":false,"template":"","format":"standard","meta":{"footnotes":""},"categories":[1414],"tags":[1465,1464,1011,27,60],"class_list":{"0":"post-479203","1":"post","2":"type-post","3":"status-publish","4":"format-standard","5":"has-post-thumbnail","7":"category-basket","8":"tag-basket","9":"tag-basketball","10":"tag-fr","11":"tag-france","12":"tag-sports"},"share_on_mastodon":{"url":"https:\/\/pubeurope.com\/@fr\/115411610019681608","error":""},"_links":{"self":[{"href":"https:\/\/www.europesays.com\/fr\/wp-json\/wp\/v2\/posts\/479203","targetHints":{"allow":["GET"]}}],"collection":[{"href":"https:\/\/www.europesays.com\/fr\/wp-json\/wp\/v2\/posts"}],"about":[{"href":"https:\/\/www.europesays.com\/fr\/wp-json\/wp\/v2\/types\/post"}],"author":[{"embeddable":true,"href":"https:\/\/www.europesays.com\/fr\/wp-json\/wp\/v2\/users\/2"}],"replies":[{"embeddable":true,"href":"https:\/\/www.europesays.com\/fr\/wp-json\/wp\/v2\/comments?post=479203"}],"version-history":[{"count":0,"href":"https:\/\/www.europesays.com\/fr\/wp-json\/wp\/v2\/posts\/479203\/revisions"}],"wp:featuredmedia":[{"embeddable":true,"href":"https:\/\/www.europesays.com\/fr\/wp-json\/wp\/v2\/media\/479204"}],"wp:attachment":[{"href":"https:\/\/www.europesays.com\/fr\/wp-json\/wp\/v2\/media?parent=479203"}],"wp:term":[{"taxonomy":"category","embeddable":true,"href":"https:\/\/www.europesays.com\/fr\/wp-json\/wp\/v2\/categories?post=479203"},{"taxonomy":"post_tag","embeddable":true,"href":"https:\/\/www.europesays.com\/fr\/wp-json\/wp\/v2\/tags?post=479203"}],"curies":[{"name":"wp","href":"https:\/\/api.w.org\/{rel}","templated":true}]}}