{"id":479205,"date":"2025-10-21T10:09:28","date_gmt":"2025-10-21T10:09:28","guid":{"rendered":"https:\/\/www.europesays.com\/fr\/479205\/"},"modified":"2025-10-21T10:09:28","modified_gmt":"2025-10-21T10:09:28","slug":"neuvieme-cest-un-bon-debut-lucie-boudesseul-la-pilote-moto-rochelaise-analyse-ses-debuts-en-championnat-du-monde","status":"publish","type":"post","link":"https:\/\/www.europesays.com\/fr\/479205\/","title":{"rendered":"\u00ab\u00a0Neuvi\u00e8me, c&rsquo;est un bon d\u00e9but\u00a0\u00bb : Lucie Boudesseul, la pilote moto Rochelaise, analyse ses d\u00e9buts en championnat du monde"},"content":{"rendered":"<p>La Rochelaise Lucie Boudessuel, pilote moto la plus rapide de France, faisait ses premiers tours de piste en championnat du monde f\u00e9minin (World WCR) avec un Top 10 \u00e0 la clef\u00a0! On revient avec elle sur ses performances dans \u00ab\u00a0100% sport\u00a0\u00bb sur \u00ab\u00a0ici La Rochelle\u00a0\u00bb.<\/p>\n<p>C&rsquo;\u00e9tait sa toute premi\u00e8re fois\u00a0! Ce week-end, la pilote moto Rochelaise Lucie Boudesseul a particip\u00e9 \u00e0 la premi\u00e8re \u00e9tape du championnat du monde f\u00e9minin, le World WCR 2025. Une comp\u00e9tition qui l&rsquo;a men\u00e9 jusqu&rsquo;aux Pays-Bas.<\/p>\n<p>\u00c0 \u00e9couter aussi   <img decoding=\"async\" src=\"https:\/\/www.europesays.com\/fr\/wp-content\/uploads\/2025\/10\/1761041368_228_200x200\" alt=\"Lucie Boudesseul, pilote moto Rochelaise\" style=\"--_image-preview:url('data:image\/jpeg;base64,\/9j\/2wBDACgcHiMeGSgjISMtKygwPGRBPDc3PHtYXUlkkYCZlo+AjIqgtObDoKrarYqMyP\/L2u71\/\/\/\/m8H\/\/\/\/6\/+b9\/\/j\/2wBDASstLTw1PHZBQXb4pYyl+Pj4+Pj4+Pj4+Pj4+Pj4+Pj4+Pj4+Pj4+Pj4+Pj4+Pj4+Pj4+Pj4+Pj4+Pj4+Pj4+Pj\/wAARCAAqACoDASIAAhEBAxEB\/8QAFwABAQEBAAAAAAAAAAAAAAAAAgEAA\/\/EABcQAQEBAQAAAAAAAAAAAAAAAAABEQL\/xAAXAQADAQAAAAAAAAAAAAAAAAAAAQID\/8QAFhEBAQEAAAAAAAAAAAAAAAAAAAER\/9oADAMBAAIRAxEAPwDoui2tNQ1o2raFpwmtTUtHTJ3tG1rRtZxoupU1VJGoeNg0L0FPpzqYqrDgQ+VEWNhRSD\/\/2Q==');\" loading=\"lazy\" fetchpriority=\"low\" aria-hidden=\"true\" class=\"svelte-1pnmlwx rounded\" onload=\"this.__e=event\" onerror=\"this.__e=event\"\/>\u00ab\u00a0Assen\u00a0? Un circuit mythique\u00a0!\u00a0\u00bb<\/p>\n<p>Direction le circuit d&rsquo;Assen, aux Pays-Bas, pour la premi\u00e8re \u00e9tape du World WCR 2025. Un championnat du monde moto f\u00e9minin auquel participe 24 pilotes de 14 nationalit\u00e9s diff\u00e9rentes. \u00ab\u00a0C&rsquo;est un circuit mythique, tr\u00e8s grand, avec des courbes super rapides\u00a0\u00bb raconte Lucie Boudesseul. Et en plus, les tribunes \u00e9taient pleines\u00a0! Tous les ingr\u00e9dients \u00e9taient r\u00e9unis pour que ce week-end reste inoubliable pour notre pilote. \u00ab\u00a0C&rsquo;\u00e9tait beaucoup de fiert\u00e9\u00a0!\u00a0\u00bb confie Lucie.<\/p>\n<p>Un week-end de course positif malgr\u00e9 une ch\u00fbte<\/p>\n<p>C&rsquo;est le moment du d\u00e9brief. Pour la premi\u00e8re course, le samedi, Lucie Boudesseul est partie 14\u00e8me\u00a0: \u00ab\u00a0J&rsquo;ai pas fait de super bonnes qualifications le vendredi du coup je suis partie 14\u00e8me. J&rsquo;ai voulu rattraper mon erreur de qualifications, je sentais que j&rsquo;avais les capacit\u00e9s de remonter, j&rsquo;ai pouss\u00e9 mais je me suis faite avoir sur un d\u00e9tail de pilotage\u00a0\u00bb raconte notre pilote Rochelaise, la plus rapide de France. Seconde course le dimanche, et \u00e7a s&rsquo;est mieux pass\u00e9\u00a0! \u00ab\u00a0Je termine 9\u00e8me, c&rsquo;est un bon d\u00e9but, pour un d\u00e9couverte on ne va pas se plaindre\u00a0\u00bb mais Lucie est comp\u00e9titive et ne va pas se contenter d&rsquo;un Top 10 dans ce championnat du monde f\u00e9minin World WCR. <strong>Prochaine \u00e9tape\u00a0: l&rsquo;Italie le week-end des 3 et 4 Mai. Lucie Boudesseul sera dans \u00ab\u00a0100% sport\u00a0\u00bb le lundi 5 Mai \u00e0 18h30 pour l&rsquo;analyse d&rsquo;apr\u00e8s courses, en direct sur \u00ab\u00a0ici La Rochelle\u00a0\u00bb.<\/strong><\/p>\n","protected":false},"excerpt":{"rendered":"La Rochelaise Lucie Boudessuel, pilote moto la plus rapide de France, faisait ses premiers tours de piste en&hellip;\n","protected":false},"author":2,"featured_media":405519,"comment_status":"","ping_status":"","sticky":false,"template":"","format":"standard","meta":{"footnotes":""},"categories":[1413],"tags":[1011,27,1457,1456,60],"class_list":{"0":"post-479205","1":"post","2":"type-post","3":"status-publish","4":"format-standard","5":"has-post-thumbnail","7":"category-moto","8":"tag-fr","9":"tag-france","10":"tag-moto","11":"tag-motocycle","12":"tag-sports"},"share_on_mastodon":{"url":"https:\/\/pubeurope.com\/@fr\/115411613998349125","error":""},"_links":{"self":[{"href":"https:\/\/www.europesays.com\/fr\/wp-json\/wp\/v2\/posts\/479205","targetHints":{"allow":["GET"]}}],"collection":[{"href":"https:\/\/www.europesays.com\/fr\/wp-json\/wp\/v2\/posts"}],"about":[{"href":"https:\/\/www.europesays.com\/fr\/wp-json\/wp\/v2\/types\/post"}],"author":[{"embeddable":true,"href":"https:\/\/www.europesays.com\/fr\/wp-json\/wp\/v2\/users\/2"}],"replies":[{"embeddable":true,"href":"https:\/\/www.europesays.com\/fr\/wp-json\/wp\/v2\/comments?post=479205"}],"version-history":[{"count":0,"href":"https:\/\/www.europesays.com\/fr\/wp-json\/wp\/v2\/posts\/479205\/revisions"}],"wp:featuredmedia":[{"embeddable":true,"href":"https:\/\/www.europesays.com\/fr\/wp-json\/wp\/v2\/media\/405519"}],"wp:attachment":[{"href":"https:\/\/www.europesays.com\/fr\/wp-json\/wp\/v2\/media?parent=479205"}],"wp:term":[{"taxonomy":"category","embeddable":true,"href":"https:\/\/www.europesays.com\/fr\/wp-json\/wp\/v2\/categories?post=479205"},{"taxonomy":"post_tag","embeddable":true,"href":"https:\/\/www.europesays.com\/fr\/wp-json\/wp\/v2\/tags?post=479205"}],"curies":[{"name":"wp","href":"https:\/\/api.w.org\/{rel}","templated":true}]}}