{"id":479206,"date":"2025-10-21T10:10:13","date_gmt":"2025-10-21T10:10:13","guid":{"rendered":"https:\/\/www.europesays.com\/fr\/479206\/"},"modified":"2025-10-21T10:10:13","modified_gmt":"2025-10-21T10:10:13","slug":"la-belle-performance-de-tsunoda-change-la-donne","status":"publish","type":"post","link":"https:\/\/www.europesays.com\/fr\/479206\/","title":{"rendered":"la belle performance de Tsunoda change la donne"},"content":{"rendered":"<p class=\"mt-5\">L\u2019excellent week-end de Yuki Tsunoda \u00e0 Austin est peut-\u00eatre arriv\u00e9 juste \u00e0 temps pour sauver son avenir en Formule 1, le conseiller de Red Bull, le Dr Helmut Marko, admettant d\u00e9sormais reporter sa d\u00e9cision concernant le co\u00e9quipier de Max Verstappen pour la saison 2026.<\/p>\n<p class=\"mt-5\">Marko avait pr\u00e9c\u00e9demment indiqu\u00e9 que le verdict serait rendu apr\u00e8s le Grand Prix du Mexique le week-end prochain. Mais apr\u00e8s la forme exceptionnelle de Tsunoda \u00e0 Austin et la performance mitig\u00e9e d\u2019Isack Hadjar, l\u2019Autrichien semblait beaucoup moins s\u00fbr de lui.<\/p>\n<p class=\"mt-5\">\u00ab\u00a0Ce n\u2019est pas notre priorit\u00e9 pour le moment,\u00a0\u00bb a d\u00e9clar\u00e9 Marko apr\u00e8s la course lorsqu\u2019on lui a demand\u00e9 quand la d\u00e9cision serait prise.<\/p>\n<p class=\"mt-5\">\u00ab\u00a0C\u2019est ce que nous pr\u00e9voyions de faire. Mais nous verrons dans quelle mesure nous pourrons prendre une d\u00e9cision \u00e0 ce moment-l\u00e0. Yuki a marqu\u00e9 des points, au championnat et au sein de l\u2019\u00e9quipe ce week-end, c\u2019est incontestable.\u00a0\u00bb<\/p>\n<p class=\"mt-5\">Vu en train de sourire et de discuter aux c\u00f4t\u00e9s de Tsunoda alors que Red Bull c\u00e9l\u00e9brait la derni\u00e8re victoire de Verstappen et son retour dans la course au titre, Marko a salu\u00e9 la forme et la r\u00e9gularit\u00e9 du pilote japonais.<\/p>\n<p class=\"mt-5\">\u00ab\u00a0Il a pris un tr\u00e8s bon d\u00e9part et s\u2019est montr\u00e9 comp\u00e9titif lorsqu\u2019il avait la voie libre. Il y a donc l\u00e0 aussi une tendance \u00e0 la hausse. Il se stabilise, et c\u2019est tr\u00e8s important dans la lutte pour le championnat du monde.\u00a0\u00bb<\/p>\n<p class=\"mt-5\">\u00ab\u00a0Cela nous permet de revenir sur Ferrari et Mercedes au championnat constructeurs. C\u2019\u00e9tait aussi inesp\u00e9r\u00e9 que de voir Max courir pour le titre.\u00a0\u00bb<\/p>\n<p class=\"mt-5\">Apr\u00e8s \u00eatre parti en 13e position, Tsunoda s\u2019est hiss\u00e9 \u00e0 la septi\u00e8me place lors du Grand Prix des \u00c9tats-Unis dimanche, son meilleur r\u00e9sultat depuis l\u2019\u00e9t\u00e9, et a \u00e9galement marqu\u00e9 des points lors du sprint, totalisant huit points pour le week-end.<\/p>\n<p class=\"mt-5\">\u00ab\u00a0Mon rythme \u00e9tait vraiment tr\u00e8s bon,\u00a0\u00bb a d\u00e9clar\u00e9 Tsunoda.<\/p>\n<p class=\"mt-5\">\u00ab\u00a0J\u2019ai r\u00e9ussi \u00e0 gagner quelques places dans les premiers tours et mon rythme global n\u2019\u00e9tait pas mauvais. J\u2019aurais pu faire un peu mieux dans la deuxi\u00e8me partie de la course &#8211; je pense que j\u2019ai un peu trop g\u00e9r\u00e9 &#8211; mais c\u2019\u00e9tait positif de marquer des points dans les deux courses ce week-end. Nous devons continuer comme \u00e7a.\u00a0\u00bb<\/p>\n<p class=\"mt-5\">Lorsqu\u2019on lui a demand\u00e9 si ces r\u00e9sultats \u00e9taient cruciaux pour conserver son baquet, Tsunoda n\u2019a pas h\u00e9sit\u00e9.<\/p>\n<p class=\"mt-5\">\u00ab\u00a0Oui, c\u2019est vraiment important, car c\u2019est ce que je dois faire.\u00a0\u00bb<\/p>\n<p class=\"mt-5\">\u00ab\u00a0Il est \u00e9galement tr\u00e8s important de se battre pour remonter au classement du championnat des constructeurs. L\u2019\u00e9quipe n\u2019a pas abandonn\u00e9, et bien s\u00fbr, nous n\u2019avons pas non plus abandonn\u00e9 le championnat de Max.\u00a0\u00bb<\/p>\n<p class=\"mt-5\">\u00ab\u00a0Nous devons maintenant nous concentrer sur l\u2019am\u00e9lioration de nos performances sur les qualifications de mon c\u00f4t\u00e9. Je ne pense pas que nous puissions attaquer comme \u00e7a \u00e0 chaque premier tour, donc notre objectif principal est d\u00e9sormais de partir plus en avant et de nous battre avec les meilleures \u00e9quipes.\u00a0\u00bb<\/p>\n<p class=\"mt-5\">C\u2019est \u00e9videmment une mauvaise nouvelle pour Isack Hadjar, son principal rival pour le baquet Red Bull Racing. Le Fran\u00e7ais a connu un week-end \u00e0 oublier de son c\u00f4t\u00e9. Hadjar, largement consid\u00e9r\u00e9 comme le favori pour remplacer Tsunoda, n\u2019a termin\u00e9 que 16e \u00e0 Austin et a avou\u00e9 <a class=\"text-red-600 hover:underline hover:text-red-800 dark:text-inherit dark:underline dark:hover:text-red-500\" href=\"https:\/\/motorsport.nextgen-auto.com\/fr\/formule-1\/racing-bulls-n-avait-pas-un-tres-bon-rythme-et-manque-les-points-a-austin,203411.html\" rel=\"nofollow noopener\" target=\"_blank\">sa frustration apr\u00e8s avoir pein\u00e9 \u00e0 trouver le rythme<\/a>.<\/p>\n<p class=\"mt-5\">De l\u00e0 \u00e0 faire changer d\u2019avis le Dr Helmut Marko\u00a0? Peut-\u00eatre si Tsunoda confirme \u00e0 Mexico. L\u2019avis de Laurent Mekies, le directeur de l\u2019\u00e9quipe, p\u00e8sera certainement tr\u00e8s lourd dans la balance&#8230;<\/p>\n","protected":false},"excerpt":{"rendered":"L\u2019excellent week-end de Yuki Tsunoda \u00e0 Austin est peut-\u00eatre arriv\u00e9 juste \u00e0 temps pour sauver son avenir en&hellip;\n","protected":false},"author":2,"featured_media":479207,"comment_status":"","ping_status":"","sticky":false,"template":"","format":"standard","meta":{"footnotes":""},"categories":[1412],"tags":[1451,1452,1453,1454,1455,1011,27,60],"class_list":{"0":"post-479206","1":"post","2":"type-post","3":"status-publish","4":"format-standard","5":"has-post-thumbnail","7":"category-f1","8":"tag-f1","9":"tag-formula-1","10":"tag-formula1","11":"tag-formule-1","12":"tag-formule1","13":"tag-fr","14":"tag-france","15":"tag-sports"},"share_on_mastodon":{"url":"https:\/\/pubeurope.com\/@fr\/115411617366702231","error":""},"_links":{"self":[{"href":"https:\/\/www.europesays.com\/fr\/wp-json\/wp\/v2\/posts\/479206","targetHints":{"allow":["GET"]}}],"collection":[{"href":"https:\/\/www.europesays.com\/fr\/wp-json\/wp\/v2\/posts"}],"about":[{"href":"https:\/\/www.europesays.com\/fr\/wp-json\/wp\/v2\/types\/post"}],"author":[{"embeddable":true,"href":"https:\/\/www.europesays.com\/fr\/wp-json\/wp\/v2\/users\/2"}],"replies":[{"embeddable":true,"href":"https:\/\/www.europesays.com\/fr\/wp-json\/wp\/v2\/comments?post=479206"}],"version-history":[{"count":0,"href":"https:\/\/www.europesays.com\/fr\/wp-json\/wp\/v2\/posts\/479206\/revisions"}],"wp:featuredmedia":[{"embeddable":true,"href":"https:\/\/www.europesays.com\/fr\/wp-json\/wp\/v2\/media\/479207"}],"wp:attachment":[{"href":"https:\/\/www.europesays.com\/fr\/wp-json\/wp\/v2\/media?parent=479206"}],"wp:term":[{"taxonomy":"category","embeddable":true,"href":"https:\/\/www.europesays.com\/fr\/wp-json\/wp\/v2\/categories?post=479206"},{"taxonomy":"post_tag","embeddable":true,"href":"https:\/\/www.europesays.com\/fr\/wp-json\/wp\/v2\/tags?post=479206"}],"curies":[{"name":"wp","href":"https:\/\/api.w.org\/{rel}","templated":true}]}}