{"id":479208,"date":"2025-10-21T10:11:11","date_gmt":"2025-10-21T10:11:11","guid":{"rendered":"https:\/\/www.europesays.com\/fr\/479208\/"},"modified":"2025-10-21T10:11:11","modified_gmt":"2025-10-21T10:11:11","slug":"anabelle-thomas-dans-une-reserve-de-worldteam-actualite","status":"publish","type":"post","link":"https:\/\/www.europesays.com\/fr\/479208\/","title":{"rendered":"Anabelle Thomas dans une r\u00e9serve de WorldTeam &#8211; Actualit\u00e9"},"content":{"rendered":"<p style=\"text-align: justify;\">Membre de KDM-Pack Cycling, en Belgique, Anabelle Thomas est fix\u00e9e pour la saison 2026. Elle poursuivra sa carri\u00e8re au sein de Liv AlUla Jayco CT, \u00e9quipe r\u00e9serve de la WorldTeam du m\u00eame nom <strong><a href=\"https:\/\/www.directvelo.com\/equipe\/9776\/liv-alula-jayco-womens-ct\" target=\"_blank\" rel=\"noopener\">et qui a boucl\u00e9 son effectif<\/a><\/strong>.<\/p>\n<p><strong><a href=\"https:\/\/www.directvelo.com\/coureur\/51902\/anabelle-thomas\" target=\"_blank\" rel=\"noopener\">Anabelle Thomas<\/a><\/strong>, 20 ans, a remport\u00e9 une \u00e9tape du Tour de F\u00e9minin cette ann\u00e9e, et termin\u00e9 3e d&rsquo;une autre \u00e9tape avant de prendre la 5e place du g\u00e9n\u00e9ral. Elle a \u00e9galement d\u00e9croch\u00e9 une 2e place d&rsquo;\u00e9tape au Loire Ladies Tour.<\/p>\n<p>La Canadienne s&rsquo;est aussi distingu\u00e9e avec une 6e place \u00e0 l&rsquo;Altitude Tour Gard (5e d&rsquo;\u00e9tape), la 8e place du g\u00e9n\u00e9ral du Loire Ladies Tour ou encore avec une 10e place au Championnat du Canada Espoirs du contre-la-montre. Elle faisait partie de l&rsquo;\u00e9quipe du Canada au dernier Tour de l&rsquo;Avenir, qui a vu sa co\u00e9quipi\u00e8re Isabella Holmgren s&rsquo;imposer.<\/p>\n<p>Retrouvez tous les transferts du peloton f\u00e9minin <strong><a href=\"https:\/\/www.directvelo.com\/mutations\/2026#teams-women\" target=\"_blank\" rel=\"noopener\">en cliquant ici<\/a><\/strong>.<\/p>\n","protected":false},"excerpt":{"rendered":"Membre de KDM-Pack Cycling, en Belgique, Anabelle Thomas est fix\u00e9e pour la saison 2026. Elle poursuivra sa carri\u00e8re&hellip;\n","protected":false},"author":2,"featured_media":479209,"comment_status":"","ping_status":"","sticky":false,"template":"","format":"standard","meta":{"footnotes":""},"categories":[1411],"tags":[834,828,836,829,837,827,83,826,824,823,1154,207,814,817,815,816,822,821,832,211,839,1011,27,820,818,819,835,831,830,833,838,60,212,208,825],"class_list":{"0":"post-479208","1":"post","2":"type-post","3":"status-publish","4":"format-standard","5":"has-post-thumbnail","7":"category-cyclisme","8":"tag-attaque","9":"tag-belgique","10":"tag-braquet","11":"tag-bretagne","12":"tag-chute","13":"tag-competition","14":"tag-coupe-de-france","15":"tag-coureur","16":"tag-course-cyclisme","17":"tag-course-cycliste","18":"tag-cycling","19":"tag-cyclisme","20":"tag-direct","21":"tag-direct-velo","22":"tag-directvelo","23":"tag-directvelo-com","24":"tag-epreuve","25":"tag-epreuve-cycliste","26":"tag-federation-francaise-de-cyclisme","27":"tag-ffc","28":"tag-flandres","29":"tag-fr","30":"tag-france","31":"tag-live","32":"tag-live-course","33":"tag-live-epreuve","34":"tag-peloton","35":"tag-radio-peloton","36":"tag-radio-tour","37":"tag-ravitaillement","38":"tag-relance","39":"tag-sports","40":"tag-uci","41":"tag-velo","42":"tag-velos"},"share_on_mastodon":{"url":"https:\/\/pubeurope.com\/@fr\/115411621238353197","error":""},"_links":{"self":[{"href":"https:\/\/www.europesays.com\/fr\/wp-json\/wp\/v2\/posts\/479208","targetHints":{"allow":["GET"]}}],"collection":[{"href":"https:\/\/www.europesays.com\/fr\/wp-json\/wp\/v2\/posts"}],"about":[{"href":"https:\/\/www.europesays.com\/fr\/wp-json\/wp\/v2\/types\/post"}],"author":[{"embeddable":true,"href":"https:\/\/www.europesays.com\/fr\/wp-json\/wp\/v2\/users\/2"}],"replies":[{"embeddable":true,"href":"https:\/\/www.europesays.com\/fr\/wp-json\/wp\/v2\/comments?post=479208"}],"version-history":[{"count":0,"href":"https:\/\/www.europesays.com\/fr\/wp-json\/wp\/v2\/posts\/479208\/revisions"}],"wp:featuredmedia":[{"embeddable":true,"href":"https:\/\/www.europesays.com\/fr\/wp-json\/wp\/v2\/media\/479209"}],"wp:attachment":[{"href":"https:\/\/www.europesays.com\/fr\/wp-json\/wp\/v2\/media?parent=479208"}],"wp:term":[{"taxonomy":"category","embeddable":true,"href":"https:\/\/www.europesays.com\/fr\/wp-json\/wp\/v2\/categories?post=479208"},{"taxonomy":"post_tag","embeddable":true,"href":"https:\/\/www.europesays.com\/fr\/wp-json\/wp\/v2\/tags?post=479208"}],"curies":[{"name":"wp","href":"https:\/\/api.w.org\/{rel}","templated":true}]}}