{"id":47921,"date":"2025-04-24T00:50:14","date_gmt":"2025-04-24T00:50:14","guid":{"rendered":"https:\/\/www.europesays.com\/fr\/47921\/"},"modified":"2025-04-24T00:50:14","modified_gmt":"2025-04-24T00:50:14","slug":"en-ile-de-france-un-nouveau-systeme-de-filtration-de-leau-potable-retient-les-pfas-avant-de-les-rejeter-dans-les-rivieres","status":"publish","type":"post","link":"https:\/\/www.europesays.com\/fr\/47921\/","title":{"rendered":"En \u00cele-de-France, un nouveau syst\u00e8me de filtration de l\u2019eau potable retient les PFAS\u2026 avant de les rejeter dans les rivi\u00e8res"},"content":{"rendered":"<p class=\"has-background\" style=\"background-color:#ecfaf4\"><b>Ce qu\u2019il faut retenir :<\/b><\/p>\n<p>\u2192 Le Syndicat des eaux d\u2019\u00cele-de-France (Sedif) teste un syst\u00e8me de traitement de l\u2019eau potable sophistiqu\u00e9 qui supprimera presque tous les PFAS et autres micropolluants de l\u2019eau du robinet de quatre millions de personnes. <\/p>\n<p>\u2192 Ce syst\u00e8me combine la nanofiltration et l\u2019osmose inverse basse pression, des filtres bien plus fins qu\u2019un cheveu qui n\u00e9cessitent d\u2019utiliser de grandes quantit\u00e9s d\u2019\u00e9lectricit\u00e9 pour fonctionner.<\/p>\n<p>\u2192 Les concentrats de polluants, une fois s\u00e9par\u00e9s de l\u2019eau buvable, seront rejet\u00e9s dans la Seine, la Marne et l\u2019Oise, en aval des usines. C\u2019est d\u00e9j\u00e0 le cas sur le site de M\u00e9ry-sur-Oise (Val-d\u2019Oise).<\/p>\n<p>\u2192 La technologie repr\u00e9sente un surco\u00fbt de 40 centimes par m\u00e8tre cube pour les usager\u00b7es, afin de financer des travaux \u00e0 hauteur d\u2019un milliard d\u2019euros.<\/p>\n<p>C\u2019est la Rolls-Royce du traitement de l\u2019eau potable. LA technique pour ne plus boire de PFAS, ces polluants ultra-persistants dans l\u2019environnement, aux <a href=\"https:\/\/vert.eco\/articles\/cancer-cholesterol-baisse-de-la-fertilite-quels-sont-les-risques-des-pfas-pour-notre-sante\" rel=\"nofollow noopener\" target=\"_blank\">impacts sanitaires d\u00e9l\u00e9t\u00e8res<\/a>. On appelle cela l\u2019osmose inverse basse pression (OIBP). Et le Syndicat des eaux d\u2019\u00cele-de-France (Sedif) compte la g\u00e9n\u00e9raliser \u00e0 ses trois usines de production d\u2019eau\u2026 m\u00eame si elle ne met pas tout le monde d\u2019accord.<\/p>\n<p>Depuis f\u00e9vrier, les usines du Sedif de Choisy-le-Roi (Val-de-Marne) et Neuilly-sur-Marne (Seine-Saint-Denis) testent une technologie qui allie cette nouvelle technique \u00e0 la nanofiltration d\u00e9j\u00e0 utilis\u00e9e sur le site de M\u00e9ry-sur-Oise (Val-d\u2019Oise). Pomp\u00e9e dans la Marne et la Seine, l\u2019eau passe par trois \u00e9tages de membranes qui sont entre 10\u00a0000 et un\u00a0million de fois plus fines qu\u2019un cheveu. Celles-ci retiennent la mati\u00e8re organique (les champignons, par exemple), des micropolluants (r\u00e9sidus de pesticides ou de m\u00e9dicaments, des PFAS) et des sels min\u00e9raux (magn\u00e9sium, calcium\u2026).<\/p>\n<p><img fetchpriority=\"high\" decoding=\"async\" width=\"1024\" height=\"681\" src=\"https:\/\/www.europesays.com\/fr\/wp-content\/uploads\/2025\/04\/Sans-titre-2-1024x681.jpg\" alt=\"\" class=\"wp-image-40871\"  \/>La galerie des membranes utilis\u00e9es pour filtrer l\u2019eau, dans l\u2019usine de M\u00e9ry-sur-Oise. \u00a9\u00a0Nicolas\u00a0Fagot\/Sedif<\/p>\n<p>L\u2019OIBP permet de retenir des micropolluants que l\u2019on peine \u00e0 absorber avec d\u2019autres techniques. Parmi ceux-ci\u00a0: les PFAS \u00e0 cha\u00eene d\u2019atomes courte <a href=\"https:\/\/vert.eco\/articles\/de-nouvelles-analyses-revelent-une-pollution-massive-de-leau-potable-au-tfa-le-plus-petit-des-polluants-eternels\" rel=\"nofollow noopener\" target=\"_blank\">comme le TFA<\/a>, le plus petit de cette grande famille de mol\u00e9cules. \u00c0 cause de rejets industriels et agricoles, on retrouve du TFA dans de nombreux r\u00e9seaux d\u2019eau. Alors que la nanofiltration d\u00e9j\u00e0 install\u00e9e \u00e0 M\u00e9ry-sur-Oise le filtrait \u00e0 60%, il sera bient\u00f4t \u00e9limin\u00e9 \u00e0 90% avec cette nouvelle technique, indique le Sedif \u00e0 Vert.<\/p>\n<p>En France, de petites usines de traitement de l\u2019eau utilisent d\u00e9j\u00e0 cette technologie, mais son d\u00e9veloppement \u00e0 une aussi grande \u00e9chelle est une premi\u00e8re. Elle devrait \u00eatre mise en place fin 2027 dans l\u2019usine de M\u00e9ry-sur-Oise, et entre 2030 et 2032 pour celles de Neuilly-sur-Marne et Choisy-le-Roi. 133 communes, et leurs quatre millions de citoyen\u00b7nes, auront ainsi acc\u00e8s \u00e0 une eau bien moins pollu\u00e9e.<\/p>\n<p>Une technologie gourmande en \u00e9lectricit\u00e9<\/p>\n<p>La mise en place de cette technologie n\u2019est pas un long fleuve tranquille. Lors d\u2019un <a href=\"https:\/\/www.debatpublic.fr\/sites\/default\/files\/2023-09\/CNDP-SEDIF-synthese-compte-rendu.pdf\" rel=\"nofollow noopener\" target=\"_blank\">d\u00e9bat public<\/a> qui s\u2019est tenu en 2023, le projet avait suscit\u00e9 de vives contestations. En cause\u00a0: l\u2019OIBP n\u00e9cessite 55% d\u2019\u00e9lectricit\u00e9 en plus par rapport \u00e0 un syst\u00e8me de filtration classique, selon le Sedif.<\/p>\n<p>Pour compenser cette surconsommation, le syndicat <a href=\"https:\/\/concertation-continue-sedif.fr\/wp-content\/uploads\/2025\/03\/Etude-INEC_Projet-de-filtration-membranaire-haute-performance-du-SEDIF-VF.pdf\" rel=\"nofollow noopener\" target=\"_blank\">promet<\/a> que les Francilien\u00b7nes r\u00e9aliseront des \u00e9conomies d\u2019\u00e9nergie gr\u00e2ce \u00e0 l\u2019adoucissement de l\u2019eau (l\u2019eau sera moins calcaire) permise par l\u2019OIBP, qui \u00e9vitera d\u2019entartrer les \u00e9quipements \u00e9lectrom\u00e9nagers. Associations et syndicats de gestion de l\u2019eau ne sont pas tous convaincus. \u00abAlors que nous sommes dans un contexte o\u00f9 l\u2019on parle de sobri\u00e9t\u00e9, nous estimons que ces fili\u00e8res consommeront jusqu\u2019\u00e0 trois fois plus d\u2019\u00e9lectricit\u00e9 que celles d\u00e9j\u00e0 performantes\u00bb, regrette aupr\u00e8s de Vert un expert en traitement de l\u2019eau qui a souhait\u00e9 rester anonyme.<\/p>\n<p>\u00abLa membrane ne d\u00e9truit pas les micropolluants, elle les d\u00e9place\u00bb<\/p>\n<p>Autre sujet de crispation <a href=\"https:\/\/fne-idf.fr\/actualites\/notre-point-de-vue-sur-le-projet-de-nouvelle-technique-de-filtration-de-l-eau-potable-en\" rel=\"nofollow noopener\" target=\"_blank\">pour les associations environnementales<\/a>\u00a0: les polluants, une fois filtr\u00e9s, forment un concentrat (une sorte d\u2019amas liquide) qu\u2019il est impossible de d\u00e9truire. Or, celui-ci sera rejet\u00e9 dans les rivi\u00e8res, <a href=\"https:\/\/www.leparisien.fr\/val-d-oise-95\/ces-usines-deau-potable-vont-filtrer-jusqua-90-de-polluants-eternels-pour-les-rejeter-dans-les-cours-deau-17-03-2025-5F5B6YAWLVBJVA7MN6YH4KYRHQ.php?at_medium=Advertisement&amp;at_campaign=offrir\" rel=\"nofollow noopener\" target=\"_blank\">comme l\u2019a r\u00e9v\u00e9l\u00e9 Le Parisien<\/a>.<\/p>\n<p>\u00c0 M\u00e9ry-sur-Oise, 20\u00a0000 m\u00e8tres cube par jour de ce concentrat sont relargu\u00e9s dans la rivi\u00e8re. \u00c0 Choisy-le-Roi et Neuilly-sur-Marne, les nouveaux rejets en aval repr\u00e9senteront 15% de la quantit\u00e9 totale d\u2019eau qui entre dans l\u2019usine en amont. \u00abLa membrane ne d\u00e9truit pas les micropolluants, elle les d\u00e9place\u00bb, explique \u00e0 Vert Marc H\u00e9ran, chercheur en sciences et technologie de l\u2019eau \u00e0 l\u2019Institut europ\u00e9en des membranes.<\/p>\n<p>\u00abToutes les usines d\u2019eau potable ont des rejets\u00bb, relativise Adrien Richet, ing\u00e9nieur charg\u00e9 de l\u2019\u00e9tude de la fili\u00e8re membranaire du Sedif. Ces mol\u00e9cules se dilueront ensuite dans les rivi\u00e8res. \u00abAu niveau de la station suivante, il y aura la m\u00eame quantit\u00e9 de polluants qu\u2019en amont\u00bb, et pas plus, assure-t-il. \u00abScientifiquement, on sait pr\u00e9voir o\u00f9 se dispersent les rejets de polluants dans l\u2019eau et faire en sorte qu\u2019ils se diluent au mieux\u00bb, certifie Marc H\u00e9ran.<\/p>\n<p><img loading=\"lazy\" decoding=\"async\" width=\"1024\" height=\"768\" src=\"https:\/\/www.europesays.com\/fr\/wp-content\/uploads\/2025\/04\/Confluent.JPG-1024x768.jpg\" alt=\"\" class=\"wp-image-40872\"  \/>La confluence de la Marne et de la Seine. \u00a9\u00a0Jebulon\/Wikim\u00e9dia<\/p>\n<p>Mais pour Dan Lert, adjoint \u00e0 la mairie de Paris en charge de la transition \u00e9cologique, \u00abcela revient \u00e0 consid\u00e9rer les rivi\u00e8res comme des poubelles. <a href=\"https:\/\/vert.eco\/articles\/eau-de-paris-porte-plainte-contre-x-pour-la-pollution-de-son-reseau-deau-potable-aux-pfas\" rel=\"nofollow noopener\" target=\"_blank\">\u00c0 Eau de Paris<\/a> [la r\u00e9gie municipale de l\u2019eau, NDLR] nous n\u2019abandonnons pas les boues issues du traitement dans l\u2019environnement, nous les traitons.\u00bb<\/p>\n<p>Dans <a href=\"https:\/\/www.sedif.com\/sites\/default\/files\/2023-11\/Rapport%20d%27%C3%A9tude%20SEDIF%202019-2023%20M%C3%A9ry-sur-Oise.pdf\" rel=\"nofollow noopener\" target=\"_blank\">une \u00e9tude<\/a> r\u00e9alis\u00e9e sur de petits crustac\u00e9s, le Sedif estime que ses rejets n\u2019ont pas d\u2019impact sur la biodiversit\u00e9. Le syndicat pr\u00e9cise \u00eatre en cours de finalisation de ses demandes d\u2019autorisations environnementales pour relarguer les futurs concentrats, aupr\u00e8s de la Drieat (la Direction r\u00e9gionale et interd\u00e9partementale de l\u2019environnement, de l\u2019am\u00e9nagement et des transports).<\/p>\n<p>Dans un courrier \u00e0 la Drieat, l\u2019Office fran\u00e7ais de la biodiversit\u00e9 (OFB) rel\u00e8ve de son c\u00f4t\u00e9 \u00abdes lacunes\u00bb dans la surveillance des rejets propos\u00e9e par le Sedif. Celle-ci ne permet pas de d\u00e9tecter toutes les substances ni \u00abd\u2019appr\u00e9cier les effets \u00e9cotoxiques de la charge polluante sur les organismes\u00bb, pr\u00e9cise ce document cit\u00e9 dans Le Parisien, et que Vert a pu consulter. L\u2019OFB y rel\u00e8ve le risque d\u2019\u00abapports de nouvelles substances \u00e0 caract\u00e8re \u00e9cotoxique dans le milieu \u00e0 l\u2019occasion de l\u2019entretien occasionnel ou r\u00e9gulier des membranes\u00bb.<\/p>\n<p>Des travaux \u00e0 un milliard d\u2019euros<\/p>\n<p>La facture pour adoucir cette eau sera sal\u00e9e. Le surco\u00fbt repr\u00e9sentera 40 centimes par m\u00e8tre cube pour les usager\u00b7es, afin de financer des travaux \u00e0 hauteur d\u2019un milliard d\u2019euros. Selon le Sedif, \u00abc\u2019est aussi un investissement collectif, qui \u00e9vite aux particuliers d\u2019avoir \u00e0 filtrer chez eux, l\u2019achat d\u2019un appareil individuel est bien plus cher.\u00bb<\/p>\n<p>\u00abPourquoi ce serait \u00e0 nous de payer pour ces pollutions, et pas aux pollueurs\u00a0?\u00bb, interroge Jean-Claude Oliva de l\u2019association Coordination Eau \u00cele-de-France. \u00abD\u2019autres ont fait le choix de traitements moins co\u00fbteux, par charbons actifs, indique-t-il \u00e0 Vert. \u00c0 Orly (Val-de-Marne), dans l\u2019usine g\u00e9r\u00e9e par Eau de Paris, ils analysent l\u2019eau en permanence et renouvellent rapidement les charbons quand elle est tr\u00e8s pollu\u00e9e.\u00bb<\/p>\n<p>Avec cette technique, pas de rejets\u00a0: \u00abLe micropolluant organique fix\u00e9 par le charbon sera d\u00e9truit lors de la r\u00e9g\u00e9n\u00e9ration du charbon\u00bb, expose Marc H\u00e9ran. Mais chaque strat\u00e9gie a ses revers. Contrairement \u00e0 l\u2019OIBP, le scientifique rel\u00e8ve que \u00able charbon actif n\u2019absorbe pas toutes les mol\u00e9cules, comme le chlorothalonil [un pesticide, NDLR]. Il y a une gestion du risque difficile \u00e0 quantifier, le choix d\u2019une technique de filtration est souvent plus politique et \u00e9conomique que scientifique.\u00bb<\/p>\n<p>\u00abCouper le robinet des pollutions\u00bb<\/p>\n<p>Plusieurs associations et syndicats de l\u2019eau appellent le Sedif \u00e0 investir davantage dans la r\u00e9duction de la pollution \u00e0 la source, plut\u00f4t que de la traiter une fois qu\u2019elle est l\u00e0 \u2013 en curatif. Une strat\u00e9gie choisie par Eau de Paris, qui soutient \u00e0 hauteur de 48 millions d\u2019euros la conversion en bio d\u2019une centaine d\u2019agriculteur\u00b7ices afin de r\u00e9duire l\u2019utilisation de pesticides au niveau de ses captages. Une op\u00e9ration qui a r\u00e9duit la pr\u00e9sence de ces polluants de 77% entre 2019 et 2023. Parmi eux\u00a0: le chlorothalonil, que les charbons actifs ne retiennent pas, mais dont le taux dans l\u2019eau a chut\u00e9.<\/p>\n<p>Le Sedif refuse d\u2019opposer pr\u00e9ventif et curatif, soulignant que \u00ables deux se compl\u00e8tent\u00bb. Guillaume de Stordeur, directeur de la communication, insiste\u00a0: \u00abOn a encore de l\u2019atrazine [un autre pesticide, NDLR] dans nos fleuves, alors que la substance est interdite depuis plus de 20\u00a0ans, il faut continuer \u00e0 investir dans le curatif.\u00bb<\/p>\n<p>Mais, pour Dan Lert, \u00abon peut faire du pr\u00e9ventif, m\u00eame sur les eaux de surface [\u00e0 l\u2019image des rivi\u00e8res, o\u00f9 le Sedif pompe l\u2019eau, NDLR]. La solution est de couper le robinet des pollutions en amont, et de la coupler \u00e0 un juste traitement de l\u2019eau.\u00bb<\/p>\n","protected":false},"excerpt":{"rendered":"Ce qu\u2019il faut retenir : \u2192 Le Syndicat des eaux d\u2019\u00cele-de-France (Sedif) teste un syst\u00e8me de traitement de&hellip;\n","protected":false},"author":2,"featured_media":47922,"comment_status":"","ping_status":"","sticky":false,"template":"","format":"standard","meta":{"footnotes":""},"categories":[1592],"tags":[1111,11,12645,13883,1777,674,13884,1011,27,662,12,626,13885,13886,25,9752],"class_list":{"0":"post-47921","1":"post","2":"type-post","3":"status-publish","4":"format-standard","5":"has-post-thumbnail","7":"category-ile-de-france","8":"tag-actu","9":"tag-actualites","10":"tag-eau-de-paris","11":"tag-eau-potable-ile-de-france","12":"tag-eu","13":"tag-europe","14":"tag-filtres-pfas","15":"tag-fr","16":"tag-france","17":"tag-ile-de-france","18":"tag-news","19":"tag-paris","20":"tag-pfas","21":"tag-pfas-rivieres","22":"tag-republique-francaise","23":"tag-sedif"},"share_on_mastodon":{"url":"https:\/\/pubeurope.com\/@fr\/114390199515005903","error":""},"_links":{"self":[{"href":"https:\/\/www.europesays.com\/fr\/wp-json\/wp\/v2\/posts\/47921","targetHints":{"allow":["GET"]}}],"collection":[{"href":"https:\/\/www.europesays.com\/fr\/wp-json\/wp\/v2\/posts"}],"about":[{"href":"https:\/\/www.europesays.com\/fr\/wp-json\/wp\/v2\/types\/post"}],"author":[{"embeddable":true,"href":"https:\/\/www.europesays.com\/fr\/wp-json\/wp\/v2\/users\/2"}],"replies":[{"embeddable":true,"href":"https:\/\/www.europesays.com\/fr\/wp-json\/wp\/v2\/comments?post=47921"}],"version-history":[{"count":0,"href":"https:\/\/www.europesays.com\/fr\/wp-json\/wp\/v2\/posts\/47921\/revisions"}],"wp:featuredmedia":[{"embeddable":true,"href":"https:\/\/www.europesays.com\/fr\/wp-json\/wp\/v2\/media\/47922"}],"wp:attachment":[{"href":"https:\/\/www.europesays.com\/fr\/wp-json\/wp\/v2\/media?parent=47921"}],"wp:term":[{"taxonomy":"category","embeddable":true,"href":"https:\/\/www.europesays.com\/fr\/wp-json\/wp\/v2\/categories?post=47921"},{"taxonomy":"post_tag","embeddable":true,"href":"https:\/\/www.europesays.com\/fr\/wp-json\/wp\/v2\/tags?post=47921"}],"curies":[{"name":"wp","href":"https:\/\/api.w.org\/{rel}","templated":true}]}}