{"id":479222,"date":"2025-10-21T10:18:11","date_gmt":"2025-10-21T10:18:11","guid":{"rendered":"https:\/\/www.europesays.com\/fr\/479222\/"},"modified":"2025-10-21T10:18:11","modified_gmt":"2025-10-21T10:18:11","slug":"ce-film-tres-attendu-par-les-fans-a-ete-refuse-par-disney","status":"publish","type":"post","link":"https:\/\/www.europesays.com\/fr\/479222\/","title":{"rendered":"ce film tr\u00e8s attendu par les fans a \u00e9t\u00e9 refus\u00e9 par Disney"},"content":{"rendered":"<p>Encore un\u00a0! Alors que l\u2019on c\u00e9l\u00e8bre le dixi\u00e8me anniversaire de la sortie de la bande-annonce de Star Wars\u00a0: Le R\u00e9veil de la force \u2014 oui on c\u00e9l\u00e8bre ces choses l\u00e0 \u2014 ce n\u2019est pas le premier film de J.J. Abrams qui fait parler les aficionados. Enfin pas tout \u00e0 fait. Depuis quelques heures, un entretien d\u2019Adam Driver accord\u00e9 \u00e0 l\u2019<a href=\"https:\/\/apnews.com\/article\/adam-driver-star-wars-soderbergh-jarmusch-4e08164d0419759f1b5b50d69864975d\" target=\"_blank\" rel=\"noopener\">Associated Press<\/a> fait couler beaucoup d\u2019encre dans les cercles d\u2019initi\u00e9s. Il ajoute une pi\u00e8ce \u00e0 la machine des d\u00e9tracteurs de la firme aux grandes oreilles. Bob Iger aurait refus\u00e9 de produire un film qui aurait pu tout changer pour la controvers\u00e9e derni\u00e8re trilogie.<\/p>\n<p>En pleine campagne promotionnelle pour Father Mother Sister Brother, <strong>Adam Driver<\/strong> explique avoir travaill\u00e9 <strong>deux ann\u00e9es au d\u00e9veloppement<\/strong> d\u2019un m\u00e9trage devant en raconter plus sur son personnage et son \u00e9volution.\u00a0\u201cJ\u2019ai toujours eu envie de faire un autre Star Wars. J\u2019en parlais depuis 2021. Kathleen m\u2019avait contact\u00e9. J\u2019ai toujours dit\u00a0: avec un bon r\u00e9alisateur et une bonne histoire, je suis l\u00e0 dans la seconde\u201d.\u00a0Apparement, tout \u00e9tait r\u00e9uni avant que <strong>Bob Iger et Alan Bergman ne tue dans l\u2019oeuf ce film.\u00a0<\/strong><\/p>\n<p> The Hunt for Ben Solo <\/p>\n<p>En collaboration avec Steven Soderbergh, l\u2019acteur aurait travaill\u00e9 sur un film devant raconter l\u2019apr\u00e8s L\u2019Ascension de Skywalker. Sans qu\u2019Adam Driver ne pr\u00e9cise comment, son personnage survivait \u00e0 l\u2019affrontement contre Palpatine. Ayant d\u00e9laiss\u00e9 le personnage de Kylo Ren, Ben Solo devait entreprendre<strong> un voyage en miroir de celui de Dark Vador.<\/strong> De despote col\u00e9rique \u00e0 sauveur de la galaxie, il \u00e9tait question d\u2019approfondir ce que le dernier film avait voulu faire\u2026 sans jamais y parvenir. Il faut avouer que l\u2019id\u00e9e avait de quoi s\u00e9duire, surtout \u00e0 une heure o\u00f9 beaucoup s\u2019accorde \u00e0 dire que Kylo Ren est sans doute la seule r\u00e9ussite de la postlogie. Un film centr\u00e9 sur son \u00e9volution aurait sans doute permis de<strong> mieux expliquer le retournement de situation final<\/strong>, et en particulier son sacrifice pour sauver Rey.<\/p>\n<p>Au vu des r\u00e9actions sur les r\u00e9seaux sociaux, Lucasfilm n\u2019aurait eu aucun mal \u00e0 mobiliser les troupes dans les salles obscures. Driver ne tarit d\u2019ailleurs pas d\u2019\u00e9loge sur ce sc\u00e9nario. \u201cC\u2019est l\u2019un des plus cool auxquels j\u2019ai jamais particip\u00e9. Nous avons pr\u00e9sent\u00e9 l\u2019id\u00e9e \u00e0 Lucasfilm, ils ont ador\u00e9 l\u2019id\u00e9e. Ils ont parfaitement compris notre approche et pourquoi ne le faisions. Nous l\u2019avons ensuite pr\u00e9sent\u00e9 \u00e0 Bob Iger et Alan Bergman et ils ont refus\u00e9. Ils ne voyaient pas comment Ben Solo pouvait \u00eatre vivant\u201d.\u00a0<\/p>\n<p>    <a href=\"https:\/\/www.youtube.com\/user\/JournalduGeek?sub_confirmation=1\" target=\"_blank\" rel=\"nofollow noopener\"><br \/>\n        S&rsquo;abonner \u00e0 Journal du Geek<br \/>\n    <\/a> <\/p>\n<p><strong>Steven Soderbergh<\/strong>, r\u00e9alisateur d\u2019<strong>Ocean\u2019s Eleven et Traffic<\/strong>, explique par voie de communiqu\u00e9 : \u201cJ\u2019ai vraiment aim\u00e9 r\u00e9aliser ce film dans ma t\u00eate. Je regrette simplement que les fans ne puissent pas le voir\u201d.\u00a0Pour rappel, les priorit\u00e9s chez Disney et Lucasfilm sont d\u00e9sormais <a href=\"https:\/\/www.journaldugeek.com\/2025\/04\/18\/the-mandalorian-grogu-on-a-vu-les-premieres-images-et\/\" target=\"_blank\" rel=\"noopener\">The Mandalorian et Grogu<\/a> qui doit sortir en mai prochain ainsi que <a href=\"https:\/\/www.journaldugeek.com\/2025\/09\/22\/star-wars-starfighter-une-premiere-photo-inattendue-du-film\/\" target=\"_blank\" rel=\"false noopener\">Starfighter<\/a> port\u00e9 par Ryan Gosling qui est promis pour le mai 2027.<\/p>\n<blockquote>\n<p class=\"text-base text-neutral-700 dark:text-neutral-300\">\ud83d\udfe3 Pour ne manquer aucune news sur le Journal du Geek, abonnez-vous sur <a href=\"https:\/\/news.google.com\/publications\/CAAqBwgKMNr_hAswwYyCAw?hl=fr&amp;gl=FR&amp;ceid=FR%3Afr\" target=\"_blank\" rel=\"noopener\">Google Actualit\u00e9s<\/a> et sur <a href=\"https:\/\/whatsapp.com\/channel\/0029VaClM5y4tRry12tb7D2h\" target=\"_blank\" rel=\"noopener\">notre WhatsApp<\/a>. Et si vous nous adorez, on a <a href=\"https:\/\/www.journaldugeek.com\/newsletter\/\" target=\"_blank\" rel=\"noopener\">une newsletter tous les matins<\/a>.<\/p>\n<\/blockquote>\n","protected":false},"excerpt":{"rendered":"Encore un\u00a0! Alors que l\u2019on c\u00e9l\u00e8bre le dixi\u00e8me anniversaire de la sortie de la bande-annonce de Star Wars\u00a0:&hellip;\n","protected":false},"author":2,"featured_media":479223,"comment_status":"","ping_status":"","sticky":false,"template":"","format":"standard","meta":{"footnotes":""},"categories":[1354],"tags":[520,58,59,1346,1011,27,1530,1360,1480],"class_list":{"0":"post-479222","1":"post","2":"type-post","3":"status-publish","4":"format-standard","5":"has-post-thumbnail","7":"category-films","8":"tag-disney","9":"tag-divertissement","10":"tag-entertainment","11":"tag-films","12":"tag-fr","13":"tag-france","14":"tag-lucasfilm","15":"tag-movies","16":"tag-star-wars"},"share_on_mastodon":{"url":"https:\/\/pubeurope.com\/@fr\/115411648801783461","error":""},"_links":{"self":[{"href":"https:\/\/www.europesays.com\/fr\/wp-json\/wp\/v2\/posts\/479222","targetHints":{"allow":["GET"]}}],"collection":[{"href":"https:\/\/www.europesays.com\/fr\/wp-json\/wp\/v2\/posts"}],"about":[{"href":"https:\/\/www.europesays.com\/fr\/wp-json\/wp\/v2\/types\/post"}],"author":[{"embeddable":true,"href":"https:\/\/www.europesays.com\/fr\/wp-json\/wp\/v2\/users\/2"}],"replies":[{"embeddable":true,"href":"https:\/\/www.europesays.com\/fr\/wp-json\/wp\/v2\/comments?post=479222"}],"version-history":[{"count":0,"href":"https:\/\/www.europesays.com\/fr\/wp-json\/wp\/v2\/posts\/479222\/revisions"}],"wp:featuredmedia":[{"embeddable":true,"href":"https:\/\/www.europesays.com\/fr\/wp-json\/wp\/v2\/media\/479223"}],"wp:attachment":[{"href":"https:\/\/www.europesays.com\/fr\/wp-json\/wp\/v2\/media?parent=479222"}],"wp:term":[{"taxonomy":"category","embeddable":true,"href":"https:\/\/www.europesays.com\/fr\/wp-json\/wp\/v2\/categories?post=479222"},{"taxonomy":"post_tag","embeddable":true,"href":"https:\/\/www.europesays.com\/fr\/wp-json\/wp\/v2\/tags?post=479222"}],"curies":[{"name":"wp","href":"https:\/\/api.w.org\/{rel}","templated":true}]}}