{"id":47923,"date":"2025-04-24T00:51:12","date_gmt":"2025-04-24T00:51:12","guid":{"rendered":"https:\/\/www.europesays.com\/fr\/47923\/"},"modified":"2025-04-24T00:51:12","modified_gmt":"2025-04-24T00:51:12","slug":"arkema-premiere-ligue-le-programme-des-demi-finales-avec-lol-le-psg-feminin-paris-fc-et-dijon","status":"publish","type":"post","link":"https:\/\/www.europesays.com\/fr\/47923\/","title":{"rendered":"Arkema Premi\u00e8re Ligue\u00a0: le programme des demi-finales avec l\u2019OL, le PSG f\u00e9minin, Paris FC et Dijon"},"content":{"rendered":"<p class=\"paragraph text_align_left\">Un r\u00e9sultat m\u00e9diocre mais une bonne op\u00e9ration. En conc\u00e9dant le nul au Havre (2-2) ce mercredi lors de la 21e et avant-derni\u00e8re journ\u00e9e de la saison r\u00e9guli\u00e8re de l\u2019Arkema Premi\u00e8re Ligue, les<a href=\"https:\/\/www.leparisien.fr\/sports\/football\/psg-feminin\/\" target=\"_blank\" rel=\"noopener\"> f\u00e9minines du PSG <\/a>ont assur\u00e9 la 2e place synonyme de demi-finale de playoff \u00e0 domicile. <\/p>\n<p class=\"legal-notices lp-f-ui-06 lp-color-text-muted lp-mb-07\">LES JEUX D&rsquo;ARGENT ET DE HASARD PEUVENT \u00caTRE DANGEREUX : PERTES D&rsquo;ARGENT, CONFLITS FAMILIAUX, ADDICTION\u2026 RETROUVEZ NOS CONSEILS SUR <a href=\"https:\/\/joueurs-info-service.fr\/\" class=\"lp-color-text-muted\" target=\"_blank\" rel=\"noopener\">JOUEURS-INFO-SERVICE.FR<\/a> (09 74 75 13 13 &#8211; APPEL NON SURTAX\u00c9)<\/p>\n<p class=\"paragraph text_align_left\">Chez les huiti\u00e8mes du championnat, les Parisiennes ont d\u2019abord men\u00e9 (0-1) gr\u00e2ce \u00e0 Mbock. Elles ont ensuite \u00e9t\u00e9 d\u00e9pass\u00e9es par Mendy (13e) et Effa Effa (31e) avant d\u2019\u00e9galiser en fin de rencontre \u00e0 la suite d\u2019un but sign\u00e9 Echegini (2-2, 69e)<\/p>\n<p class=\"paragraph text_align_left\">Le PSG poss\u00e8de 4 points d\u2019avance sur le Paris FC qui va donc terminer \u00e0 la 3e place de cette saison r\u00e9guli\u00e8re et qui se d\u00e9placera donc au PSG en demi-finale de playoff. <\/p>\n<p class=\"paragraph text_align_left\">Ce mercredi, le PFC a \u00e9trill\u00e9 (4-0) Fleury dans le derby francilien avec notamment un doubl\u00e9 de <a href=\"https:\/\/www.leparisien.fr\/sports\/football\/euro-feminin-2022-numero-10-des-bleues-et-ingenieure-clara-mateo-lintello-du-groupe-22-07-2022-7O2WNSH7GFDSJGXS6KTDLKBA4I.php\" target=\"_blank\" rel=\"noreferrer noopener\">Clara Mateo<\/a> en grande forme actuellement. Les Essonniennes vont, elles, terminer 5e et donc rater les playoffs. C\u2019est Dijon (4e) qui, pour sa premi\u00e8re qualification, se rendra chez l\u2019ogre lyonnais en demi-finale. La finale est programm\u00e9e le 16 mai.<\/p>\n<p class=\"paragraph text_align_left\">En bas de tableau, Saint-Etienne s\u2019est officielle sauv\u00e9.<\/p>\n<p class=\"paragraph text_align_left\"><b>Le programme des demi-finales de l\u2019Arkema Premi\u00e8re Ligue 2024-2025 (les 10 et 11 mai) :<\/b> <\/p>\n<p class=\"paragraph text_align_left\">PSG f\u00e9minin &#8211; Paris FC f\u00e9minin<\/p>\n<p class=\"paragraph text_align_left\">Lyon &#8211; Dijon<\/p>\n","protected":false},"excerpt":{"rendered":"Un r\u00e9sultat m\u00e9diocre mais une bonne op\u00e9ration. En conc\u00e9dant le nul au Havre (2-2) ce mercredi lors de&hellip;\n","protected":false},"author":2,"featured_media":47924,"comment_status":"","ping_status":"","sticky":false,"template":"","format":"standard","meta":{"footnotes":""},"categories":[1888],"tags":[1111,1928,11,1927,1777,674,63,1011,27,12,1926,626,1925,13887,25,60],"class_list":{"0":"post-47923","1":"post","2":"type-post","3":"status-publish","4":"format-standard","5":"has-post-thumbnail","7":"category-paris","8":"tag-actu","9":"tag-actu-paris","10":"tag-actualites","11":"tag-actualites-paris","12":"tag-eu","13":"tag-europe","14":"tag-football","15":"tag-fr","16":"tag-france","17":"tag-news","18":"tag-news-paris","19":"tag-paris","20":"tag-paris-news","21":"tag-psg-feminin","22":"tag-republique-francaise","23":"tag-sports"},"share_on_mastodon":{"url":"https:\/\/pubeurope.com\/@fr\/114390203309674272","error":""},"_links":{"self":[{"href":"https:\/\/www.europesays.com\/fr\/wp-json\/wp\/v2\/posts\/47923","targetHints":{"allow":["GET"]}}],"collection":[{"href":"https:\/\/www.europesays.com\/fr\/wp-json\/wp\/v2\/posts"}],"about":[{"href":"https:\/\/www.europesays.com\/fr\/wp-json\/wp\/v2\/types\/post"}],"author":[{"embeddable":true,"href":"https:\/\/www.europesays.com\/fr\/wp-json\/wp\/v2\/users\/2"}],"replies":[{"embeddable":true,"href":"https:\/\/www.europesays.com\/fr\/wp-json\/wp\/v2\/comments?post=47923"}],"version-history":[{"count":0,"href":"https:\/\/www.europesays.com\/fr\/wp-json\/wp\/v2\/posts\/47923\/revisions"}],"wp:featuredmedia":[{"embeddable":true,"href":"https:\/\/www.europesays.com\/fr\/wp-json\/wp\/v2\/media\/47924"}],"wp:attachment":[{"href":"https:\/\/www.europesays.com\/fr\/wp-json\/wp\/v2\/media?parent=47923"}],"wp:term":[{"taxonomy":"category","embeddable":true,"href":"https:\/\/www.europesays.com\/fr\/wp-json\/wp\/v2\/categories?post=47923"},{"taxonomy":"post_tag","embeddable":true,"href":"https:\/\/www.europesays.com\/fr\/wp-json\/wp\/v2\/tags?post=47923"}],"curies":[{"name":"wp","href":"https:\/\/api.w.org\/{rel}","templated":true}]}}