{"id":479235,"date":"2025-10-21T10:25:17","date_gmt":"2025-10-21T10:25:17","guid":{"rendered":"https:\/\/www.europesays.com\/fr\/479235\/"},"modified":"2025-10-21T10:25:17","modified_gmt":"2025-10-21T10:25:17","slug":"une-chinoise-mise-en-examen-et-ecrouee-dans-laffaire-du-vol-dor-au-museum-dhistoire-naturelle-a-paris","status":"publish","type":"post","link":"https:\/\/www.europesays.com\/fr\/479235\/","title":{"rendered":"Une Chinoise mise en examen et \u00e9crou\u00e9e dans l\u2019affaire du vol d\u2019or au Mus\u00e9um d\u2019histoire naturelle \u00e0 Paris"},"content":{"rendered":"<p>\n    Cette ressortissante chinoise, mise en examen le 13 octobre, avait \u00e9t\u00e9 remise le jour m\u00eame par les autorit\u00e9s espagnoles.<\/p>\n<p class=\"fig-paragraph\">Une personne d\u2019origine chinoise a \u00e9t\u00e9 mise en examen et plac\u00e9e en d\u00e9tention provisoire pour<a href=\"http:\/\/www.lefigaro.fr\/sciences\/le-museum-national-d-histoire-naturelle-victime-d-une-cyberattaque-et-d-un-cambriolage-20250923\" target=\"_blank\" data-fig-type=\"Article\" rel=\"noopener\" data-gtm-custom-categorie=\"navigation\" data-gtm-custom-action=\"crossclick\" data-gtm-custom-label=\"Contextuel\" data-gtm-event=\"customEventSPE\" data-fig-domain=\"LEFIGARO\">\u00a0le vol<\/a>\u00a0en bande organis\u00e9e de p\u00e9pites d&rsquo;or au\u00a0<a href=\"http:\/\/www.lefigaro.fr\/faits-divers\/le-museum-national-d-histoire-naturelle-de-paris-victime-d-un-cambriolage-nocturne-des-specimens-d-or-natif-derobes-20250916\" target=\"_blank\" data-fig-type=\"NewsFlash\" rel=\"noopener\" data-gtm-custom-categorie=\"navigation\" data-gtm-custom-action=\"crossclick\" data-gtm-custom-label=\"Contextuel\" data-gtm-event=\"customEventSPE\" data-fig-domain=\"LEFIGARO\">Mus\u00e9um national d&rsquo;histoire naturelle \u00e0 Paris<\/a>, et pour association de malfaiteurs, a annonc\u00e9 mardi la procureure Laure Beccuau. Cette ressortissante chinoise, mise en examen le 13 octobre, avait \u00e9t\u00e9 remise le jour m\u00eame par les autorit\u00e9s espagnoles, qui l&rsquo;avaient interpell\u00e9e \u00e0 Barcelone le 30 septembre en ex\u00e9cution d&rsquo;un mandat d&rsquo;arr\u00eat europ\u00e9en, a pr\u00e9cis\u00e9 la procureure de Paris dans un communiqu\u00e9.<\/p>\n<p class=\"fig-paragraph\">Les faits se sont produits le 16 septembre au matin, un peu plus d\u2019un mois avant le spectaculaire vol de joyaux au Louvre survenu dimanche. Alert\u00e9 par une employ\u00e9e de m\u00e9nage de la pr\u00e9sence de d\u00e9bris, un conservateur du mus\u00e9um avait constat\u00e9 la disparition de p\u00e9pites d\u2019or habituellement expos\u00e9es, a rappel\u00e9 Laure Beccuau. Parmi elles: \u00abdes p\u00e9pites originaires de Bolivie l\u00e9gu\u00e9e \u00e0 l\u2019Acad\u00e9mie des sciences au XVIIIe si\u00e8cle; de l\u2019Oural, offerte par le tsar Nicolas 1er de Russie en 1833 au mus\u00e9um; de Californie d\u00e9couverte au moment de la ru\u00e9e vers l\u2019or dans la seconde moiti\u00e9 du XIXe si\u00e8cle\u00bb et \u00abune p\u00e9pite d\u2019or de plus de 5 kg originaire d\u2019Australie d\u00e9couverte en 1990\u00bb, a-t-elle d\u00e9taill\u00e9.<\/p>\n<p>                                    <a class=\"fig-a11y-skip a11y-hidden\" href=\"#fig-a11y-skip-main-inarticle\"><br \/>\n        Passer la publicit\u00e9<br \/>\n    <\/a><\/p>\n<p>Interpell\u00e9e avant de repartir en Chine<\/p>\n<p class=\"fig-paragraph\">Le poids de ces pi\u00e8ces \u00e9tait estim\u00e9 \u00e0 pr\u00e8s de 6 kg, a pr\u00e9cis\u00e9 Laure Beccuau, avec un pr\u00e9judice financier \u00e9valu\u00e9 \u00e0 1,5 million d\u2019euros, correspondant \u00e0 la valeur de l\u2019or natif, sup\u00e9rieure \u00e0 l\u2019or m\u00e9tal. En outre, 50.000 euros de pr\u00e9judice mat\u00e9riel li\u00e9 aux d\u00e9g\u00e2ts mat\u00e9riels s\u2019ajoutent \u00e0 ce d\u00e9compte. \u00abLa valeur historique et scientifique de ces pi\u00e8ces a quant \u00e0 elle \u00e9t\u00e9 jug\u00e9e inestimable\u00bb, a soulign\u00e9 la procureure de Paris.<\/p>\n<p class=\"fig-paragraph\">Les enqu\u00eateurs de la Brigade de r\u00e9pression du banditisme (BRB) ont constat\u00e9 que deux portes avaient \u00e9t\u00e9 d\u00e9coup\u00e9es \u00e0 la disqueuse. Au sein de la galerie de min\u00e9ralogie, la vitrine abritant les p\u00e9pites avait \u00e9t\u00e9 bris\u00e9e avec un chalumeau, retrouv\u00e9 \u00e0 proximit\u00e9. Avaient aussi \u00e9t\u00e9 d\u00e9couverts sur place une disqueuse, un tournevis et trois bonbonnes de gaz servant \u00e0 alimenter un chalumeau ainsi que des scies. L\u2019exploitation des vid\u00e9osurveillances a montr\u00e9 qu\u2019une personne seule \u00e9tait entr\u00e9e par effraction dans le mus\u00e9e peu apr\u00e8s 01h00 du matin, pour en ressortir vers 04h00 apr\u00e8s avoir longuement surveill\u00e9 les alentours, a expliqu\u00e9 Laure Beccuau.<\/p>\n<p class=\"fig-paragraph\">Les investigations t\u00e9l\u00e9phoniques ont d\u00e9montr\u00e9 que cette personne avait quitt\u00e9 la France d\u00e8s le 16 septembre et s\u2019appr\u00eatait \u00e0 regagner la Chine. Au moment de son interpellation, elle a tent\u00e9 de se d\u00e9barrasser de morceaux d\u2019or fondu, d\u2019un poids de pr\u00e8s d\u2019un kilo. L\u2019enqu\u00eate se poursuit, notamment pour rechercher ce qu\u2019il est advenu des objets vol\u00e9s, ainsi que sur d\u2019\u00e9ventuels complices, a encore not\u00e9 la procureure.<\/p>\n","protected":false},"excerpt":{"rendered":"Cette ressortissante chinoise, mise en examen le 13 octobre, avait \u00e9t\u00e9 remise le jour m\u00eame par les autorit\u00e9s&hellip;\n","protected":false},"author":2,"featured_media":479236,"comment_status":"","ping_status":"","sticky":false,"template":"","format":"standard","meta":{"footnotes":""},"categories":[4],"tags":[11,1174,1011,27,3048,12,25],"class_list":{"0":"post-479235","1":"post","2":"type-post","3":"status-publish","4":"format-standard","5":"has-post-thumbnail","7":"category-france","8":"tag-actualites","9":"tag-cambriolage","10":"tag-fr","11":"tag-france","12":"tag-musee","13":"tag-news","14":"tag-republique-francaise"},"share_on_mastodon":{"url":"https:\/\/pubeurope.com\/@fr\/115411676409087297","error":""},"_links":{"self":[{"href":"https:\/\/www.europesays.com\/fr\/wp-json\/wp\/v2\/posts\/479235","targetHints":{"allow":["GET"]}}],"collection":[{"href":"https:\/\/www.europesays.com\/fr\/wp-json\/wp\/v2\/posts"}],"about":[{"href":"https:\/\/www.europesays.com\/fr\/wp-json\/wp\/v2\/types\/post"}],"author":[{"embeddable":true,"href":"https:\/\/www.europesays.com\/fr\/wp-json\/wp\/v2\/users\/2"}],"replies":[{"embeddable":true,"href":"https:\/\/www.europesays.com\/fr\/wp-json\/wp\/v2\/comments?post=479235"}],"version-history":[{"count":0,"href":"https:\/\/www.europesays.com\/fr\/wp-json\/wp\/v2\/posts\/479235\/revisions"}],"wp:featuredmedia":[{"embeddable":true,"href":"https:\/\/www.europesays.com\/fr\/wp-json\/wp\/v2\/media\/479236"}],"wp:attachment":[{"href":"https:\/\/www.europesays.com\/fr\/wp-json\/wp\/v2\/media?parent=479235"}],"wp:term":[{"taxonomy":"category","embeddable":true,"href":"https:\/\/www.europesays.com\/fr\/wp-json\/wp\/v2\/categories?post=479235"},{"taxonomy":"post_tag","embeddable":true,"href":"https:\/\/www.europesays.com\/fr\/wp-json\/wp\/v2\/tags?post=479235"}],"curies":[{"name":"wp","href":"https:\/\/api.w.org\/{rel}","templated":true}]}}